{"id":84302,"date":"2010-03-03T15:02:05","date_gmt":"2010-03-03T14:02:05","guid":{"rendered":"http:\/\/www.ivg.it\/2010\/03\/03\/albenga-iniziata-bonifica-del-fiume-centa\/"},"modified":"2010-03-03T15:17:04","modified_gmt":"2010-03-03T14:17:04","slug":"albenga-iniziata-bonifica-del-fiume-centa","status":"publish","type":"post","link":"https:\/\/staging.ivg.it\/2010\/03\/albenga-iniziata-bonifica-del-fiume-centa\/","title":{"rendered":"Albenga, iniziata la bonifica del fiume Centa"},"content":{"rendered":"<p><strong>Albenga.<\/strong> E&#8217; iniziata oggi la bonifica di alcuni materiali sulla riva del Centa ad Albenga, interessata dalla presenza di diversi rifiuti e oggetti: materassi, elettrodomestici, copertoni, biciclette abbandonate, tubature e altro ancora.<\/p>\n<p>L&#8217;attivit\u00e0 di pulizia \u00e8 stata avviata dalla societ\u00e0 Ecoalbenga, attivata dalla stessa polizia municipale in seguito alle operazioni antimmigrazione coordinate con le altre forze dell\u2019ordine, eseguite nei giorni scorsi e che hanno determinato anche l\u2019arresto di alcune persone per i reati di immigrazione clandestina.<\/p>\n","protected":false},"excerpt":{"rendered":"<p>Albenga. E&#8217; iniziata oggi la bonifica di alcuni materiali sulla riva del Centa ad Albenga, interessata dalla presenza di diversi rifiuti e oggetti: materassi, elettrodomestici, copertoni, biciclette abbandonate, tubature e altro ancora. L&#8217;attivit\u00e0 di pulizia \u00e8 stata avviata dalla societ\u00e0 Ecoalbenga, attivata dalla stessa polizia municipale in seguito alle operazioni antimmigrazione coordinate con le altre [&hellip;]<\/p>\n","protected":false},"author":1385,"featured_media":0,"comment_status":"open","ping_status":"closed","sticky":false,"template":"","format":"standard","meta":{"footnotes":""},"categories":[],"tags":[12911,85841,666,2554,10577,7510,1550,4964,503,15416,2056,17582],"class_list":["post-84302","post","type-post","status-publish","format-standard","hentry","tag-abbandona","tag-albenga","tag-arresto","tag-clandestina","tag-ecoalbenga","tag-fiume-centa","tag-immigrazione","tag-immigrazione-clandestina","tag-materiali","tag-operazioni","tag-polizia-municipale","tag-presenza","post_cat_citta-albenga","post_cat_citta-andora"],"amp_validity":null,"amp_enabled":true,"_links":{"self":[{"href":"https:\/\/staging.ivg.it\/ediapi\/wp\/v2\/posts\/84302","targetHints":{"allow":["GET"]}}],"collection":[{"href":"https:\/\/staging.ivg.it\/ediapi\/wp\/v2\/posts"}],"about":[{"href":"https:\/\/staging.ivg.it\/ediapi\/wp\/v2\/types\/post"}],"author":[{"embeddable":true,"href":"https:\/\/staging.ivg.it\/ediapi\/wp\/v2\/users\/1385"}],"replies":[{"embeddable":true,"href":"https:\/\/staging.ivg.it\/ediapi\/wp\/v2\/comments?post=84302"}],"version-history":[{"count":0,"href":"https:\/\/staging.ivg.it\/ediapi\/wp\/v2\/posts\/84302\/revisions"}],"wp:attachment":[{"href":"https:\/\/staging.ivg.it\/ediapi\/wp\/v2\/media?parent=84302"}],"wp:term":[{"taxonomy":"category","embeddable":true,"href":"https:\/\/staging.ivg.it\/ediapi\/wp\/v2\/categories?post=84302"},{"taxonomy":"post_tag","embeddable":true,"href":"https:\/\/staging.ivg.it\/ediapi\/wp\/v2\/tags?post=84302"}],"curies":[{"name":"wp","href":"https:\/\/api.w.org\/{rel}","templated":true}]}}