{"id":84288,"date":"2010-03-03T12:18:44","date_gmt":"2010-03-03T11:18:44","guid":{"rendered":"http:\/\/www.ivg.it\/2010\/03\/03\/albenga-barbero-pdl-servizio-di-igiene-alimentare-veterinaria-senza-luce-ne-gas\/"},"modified":"2010-03-03T13:51:21","modified_gmt":"2010-03-03T12:51:21","slug":"albenga-barbero-pdl-servizio-di-igiene-alimentare-veterinaria-senza-luce-ne-gas","status":"publish","type":"post","link":"https:\/\/staging.ivg.it\/2010\/03\/albenga-barbero-pdl-servizio-di-igiene-alimentare-veterinaria-senza-luce-ne-gas\/","title":{"rendered":"Albenga, Barbero (PdL): &#8220;Servizio di Igiene Alimentare Veterinaria senza luce n\u00e8 gas&#8221;"},"content":{"rendered":"<p><strong>Albenga<\/strong>. Angelo Barbero, capogruppo &#8220;Per la Liguria nel Popolo della Libert\u00e0&#8221; in Consiglio regionale e capogruppo &#8220;Popolo della Libert\u00e0&#8221; in Consiglio comunale ad Albenga, interviene in merito alla situazione in cui si trova il Servizio di Igiene Alimentare Veterinaria di Albenga.<\/p>\n<p>&#8220;Prima al freddo, ora al buio &#8211; dichiara il consigliere regionale -. E&#8217; a dir poco indegno il trattamento riservato nei confronti del Servizio di Igiene Alimentare Veterinaria di Albenga. Trasferiti dal loro precedente ufficio di via Zara alla nuova sede di Via Dalmazia, i dipendenti del servizio si sono trovati a dover lavorare al freddo, in pieno inverno, a causa della mancata stipulazione del contratto con la societ\u00e0 erogatrice del gas metano. Quindi, come se ci\u00f2 non bastasse, negli ultimi giorni la struttura \u00e8 rimasta persino senza corrente elettrica, perch\u00e9 non c&#8217;\u00e8 contratto tra ASL ed Enel&#8221;.<\/p>\n<p>&#8220;Nel 2010 &#8211; conclude Barbero &#8211; \u00e8 inaccettabile che un servizio pubblico venga lasciato senza riscaldamento e senza luce. Sarebbe questo il tanto proclamato &#8220;sistema di qualit\u00e0 implementato nell&#8217;ottimizzazione delle risorse&#8221;, messo in atto negli ultimi anni?&#8221;.<\/p>\n","protected":false},"excerpt":{"rendered":"<p>Albenga. Angelo Barbero, capogruppo &#8220;Per la Liguria nel Popolo della Libert\u00e0&#8221; in Consiglio regionale e capogruppo &#8220;Popolo della Libert\u00e0&#8221; in Consiglio comunale ad Albenga, interviene in merito alla situazione in cui si trova il Servizio di Igiene Alimentare Veterinaria di Albenga. &#8220;Prima al freddo, ora al buio &#8211; dichiara il consigliere regionale -. E&#8217; a [&hellip;]<\/p>\n","protected":false},"author":13744,"featured_media":0,"comment_status":"open","ping_status":"closed","sticky":false,"template":"","format":"standard","meta":{"footnotes":""},"categories":[31],"tags":[85841,2809,1021,5824,1188,1612,3392,216,1100],"class_list":["post-84288","post","type-post","status-publish","format-standard","hentry","category-politica","tag-albenga","tag-angelo-barbero","tag-asl","tag-contratto","tag-denuncia","tag-enel","tag-luce","tag-pdl","tag-riscaldamento","post_cat_citta-albenga"],"amp_validity":null,"amp_enabled":true,"_links":{"self":[{"href":"https:\/\/staging.ivg.it\/ediapi\/wp\/v2\/posts\/84288","targetHints":{"allow":["GET"]}}],"collection":[{"href":"https:\/\/staging.ivg.it\/ediapi\/wp\/v2\/posts"}],"about":[{"href":"https:\/\/staging.ivg.it\/ediapi\/wp\/v2\/types\/post"}],"author":[{"embeddable":true,"href":"https:\/\/staging.ivg.it\/ediapi\/wp\/v2\/users\/13744"}],"replies":[{"embeddable":true,"href":"https:\/\/staging.ivg.it\/ediapi\/wp\/v2\/comments?post=84288"}],"version-history":[{"count":0,"href":"https:\/\/staging.ivg.it\/ediapi\/wp\/v2\/posts\/84288\/revisions"}],"wp:attachment":[{"href":"https:\/\/staging.ivg.it\/ediapi\/wp\/v2\/media?parent=84288"}],"wp:term":[{"taxonomy":"category","embeddable":true,"href":"https:\/\/staging.ivg.it\/ediapi\/wp\/v2\/categories?post=84288"},{"taxonomy":"post_tag","embeddable":true,"href":"https:\/\/staging.ivg.it\/ediapi\/wp\/v2\/tags?post=84288"}],"curies":[{"name":"wp","href":"https:\/\/api.w.org\/{rel}","templated":true}]}}