{"id":84250,"date":"2010-03-02T16:15:36","date_gmt":"2010-03-02T15:15:36","guid":{"rendered":"http:\/\/www.ivg.it\/2010\/03\/02\/noli-costituito-il-centro-studi-storici\/"},"modified":"2010-03-02T16:15:36","modified_gmt":"2010-03-02T15:15:36","slug":"noli-costituito-il-centro-studi-storici","status":"publish","type":"post","link":"https:\/\/staging.ivg.it\/2010\/03\/noli-costituito-il-centro-studi-storici\/","title":{"rendered":"Noli, costituito il Centro studi storici"},"content":{"rendered":"<p><strong>Noli<\/strong>. Il Comune di Noli e il Civitas Nauli hanno costituito il Centro studi storici nolesi presso la Biblioteca civica &#8220;Angiola Minella&#8221; di Noli. Il Civitas Nauli trasferir\u00e0 la propria biblioteca presso quella civica in deposito, consentendo cos\u00ec a tutti i cittadini e studiosi di usufruirne in orario di apertura.<\/p>\n<p>Nel contempo il Civitas Nauli, che fa gi\u00e0 parte del comitato di Gestione della Biblioteca civica, organizzer\u00e0 in essa alcune attivit\u00e0 culturali. Si tratta di una importante scelta dell&#8217;associazione nolese che, oltre a qualificare i fondi librari della biblioteca, permetter\u00e0 di creare un punto di ricerca qualificato sulla storia dell&#8217;Antica Repubblica Marinara.<\/p>\n","protected":false},"excerpt":{"rendered":"<p>Noli. Il Comune di Noli e il Civitas Nauli hanno costituito il Centro studi storici nolesi presso la Biblioteca civica &#8220;Angiola Minella&#8221; di Noli. Il Civitas Nauli trasferir\u00e0 la propria biblioteca presso quella civica in deposito, consentendo cos\u00ec a tutti i cittadini e studiosi di usufruirne in orario di apertura. Nel contempo il Civitas Nauli, [&hellip;]<\/p>\n","protected":false},"author":5,"featured_media":0,"comment_status":"open","ping_status":"closed","sticky":false,"template":"","format":"standard","meta":{"footnotes":""},"categories":[],"tags":[86092,3907,86019,85925],"class_list":["post-84250","post","type-post","status-publish","format-standard","hentry","tag-biblioteca-civica","tag-cittadini","tag-comune","tag-noli","post_cat_citta-andora","post_cat_citta-noli"],"amp_validity":null,"amp_enabled":true,"_links":{"self":[{"href":"https:\/\/staging.ivg.it\/ediapi\/wp\/v2\/posts\/84250","targetHints":{"allow":["GET"]}}],"collection":[{"href":"https:\/\/staging.ivg.it\/ediapi\/wp\/v2\/posts"}],"about":[{"href":"https:\/\/staging.ivg.it\/ediapi\/wp\/v2\/types\/post"}],"author":[{"embeddable":true,"href":"https:\/\/staging.ivg.it\/ediapi\/wp\/v2\/users\/5"}],"replies":[{"embeddable":true,"href":"https:\/\/staging.ivg.it\/ediapi\/wp\/v2\/comments?post=84250"}],"version-history":[{"count":0,"href":"https:\/\/staging.ivg.it\/ediapi\/wp\/v2\/posts\/84250\/revisions"}],"wp:attachment":[{"href":"https:\/\/staging.ivg.it\/ediapi\/wp\/v2\/media?parent=84250"}],"wp:term":[{"taxonomy":"category","embeddable":true,"href":"https:\/\/staging.ivg.it\/ediapi\/wp\/v2\/categories?post=84250"},{"taxonomy":"post_tag","embeddable":true,"href":"https:\/\/staging.ivg.it\/ediapi\/wp\/v2\/tags?post=84250"}],"curies":[{"name":"wp","href":"https:\/\/api.w.org\/{rel}","templated":true}]}}