{"id":84064,"date":"2010-02-26T13:25:49","date_gmt":"2010-02-26T12:25:49","guid":{"rendered":"http:\/\/www.ivg.it\/?p=84064"},"modified":"2010-02-27T10:20:57","modified_gmt":"2010-02-27T09:20:57","slug":"presentati-i-nomi-savonesi-del-pd-lunardon-la-nostra-e-una-lista-pulita","status":"publish","type":"post","link":"https:\/\/staging.ivg.it\/2010\/02\/presentati-i-nomi-savonesi-del-pd-lunardon-la-nostra-e-una-lista-pulita\/","title":{"rendered":"Presentati i nomi savonesi del Pd, Lunardon: &#8220;La nostra \u00e8 una lista pulita&#8221; (foto)"},"content":{"rendered":"<p><strong>Savona<\/strong>. I sei nomi della lista del Partito Democratico, Carlo Ruggeri, Michele Boffa, Nino Miceli, Giovanni Durante, Angelica Lubrano ed Elsa Roncallo, sono stati presentati dal segretario provinciale del Pd, Giovanni Lunardon, nel corso di una conferenza stampa tenutasi oggi presso la sede del Pd di Savona. In caso di vittoria di Claudio Burlando il Pd savonese potrebbe portare in Consiglio regionale un\u2019altra esponente locale, ovvero Lorena Rambaudi, candidata savonese nel \u201dlistino\u201d di Burlando, e presente all&#8217;incontro odierno.<\/p>\n<p>E&#8217; stato proprio il segretario provinciale a spiegare perch\u00e8 l&#8217;elettorato dovrebbe scegliere il Partito Democratico e uno dei candidati in lizza per un posto da consigliere. Tre i punti sostanziali messi in luce da Lunardon: &#8220;In primis, l&#8217;ottimo lavoro svolto dall&#8217;amministrazione regionale in questi 5 anni, con particolare attenzione al territorio savonese verso il quale sono stati indirizzati numerosi investimenti: penso alle grandi infrastrutture come l&#8217;Aurelia bis o l&#8217;Albenga-Predosa, senza contare le risorse destinate agli interventi di riqualificazione urbana e ai contibuti arrivati per le famiglie e i lavoratori in difficolt\u00e0&#8221;. Il secondo aspetto sottolineato dal segretario provinciale del Pd \u00e8 il dato economico,\u00a0 con diretto riferimento alla crisi economico-produttiva che ha riguardato la Liguria e la provincia savonese: la vicenda ferrania, il trasferimento della Piaggio a Villanova d&#8217;Albenga, lo sviluppo del porto, il sostegno alle piccole e medie imprese di diversi comparti produttivi.<\/p>\n<p>Infine, Giovanni Lunardon non ha rinunciato ad una frecciata verso gli avversari del PdL, non solo nel metodo della formazione della lista ma anche sulle personalit\u00e0 candidate: &#8220;La nostra \u00e8 senz&#8217;altro una lista pulita e trasparente verso gli elettori nell&#8217;amministrazione della cosa pubblica, nn certo cos\u00ec si pu\u00f2 dire per i candidati del PdL, tanto \u00e8 vero che finalmente anche il centrodestra si \u00e8 accorto del problema: certo un po&#8217; in ritardo se pensiamo alle candidature di un collezionista di avvisi di garanzia come Marco Melgrati oppure di Angelo Barbero coinvolto nella vicenda giudiziaria sulle false firme raccolte alle precedenti elezioni provinciali&#8221;.<\/p>\n<p>[thumb:20136:l]&#8221;Il Pd &#8211; ha concluso Lunardon &#8211; non ha pi\u00f9 commesso gli errori del passato e siamo arrivati a definire tutte le candidature in una maniera coesa e compatta, negli esclusivi interessi del centrosinistra, diversamente dallo spettacolo offerto dagli esponenti della lista del PdL&#8221;.<\/p>\n","protected":false},"excerpt":{"rendered":"<p>Savona. I sei nomi della lista del Partito Democratico, Carlo Ruggeri, Michele Boffa, Nino Miceli, Giovanni Durante, Angelica Lubrano ed Elsa Roncallo, sono stati presentati dal segretario provinciale del Pd, Giovanni Lunardon, nel corso di una conferenza stampa tenutasi oggi presso la sede del Pd di Savona. In caso di vittoria di Claudio Burlando il [&hellip;]<\/p>\n","protected":false},"author":4,"featured_media":0,"comment_status":"open","ping_status":"closed","sticky":false,"template":"","format":"standard","meta":{"footnotes":""},"categories":[31],"tags":[4331,2809,4487,940,1189,284,761,1752,6680,2288,85992,2586,393,2328,3211,596,16066,85850,278,125,85967],"class_list":["post-84064","post","type-post","status-publish","format-standard","hentry","category-politica","tag-amministrazione","tag-angelo-barbero","tag-boffa","tag-centrodestra","tag-cia","tag-claudio-burlando","tag-conferenza","tag-consiglio-regionale","tag-economi","tag-elezioni-provinciali","tag-ferrania","tag-giovanni-lunardon","tag-liguria","tag-marco-melgrati","tag-michele-boffa","tag-partito-democratico","tag-riqualificazione-urbana","tag-savona","tag-savonesi","tag-villanova","tag-villanova-dalbenga","post_cat_citta-savona"],"amp_validity":null,"amp_enabled":true,"_links":{"self":[{"href":"https:\/\/staging.ivg.it\/ediapi\/wp\/v2\/posts\/84064","targetHints":{"allow":["GET"]}}],"collection":[{"href":"https:\/\/staging.ivg.it\/ediapi\/wp\/v2\/posts"}],"about":[{"href":"https:\/\/staging.ivg.it\/ediapi\/wp\/v2\/types\/post"}],"author":[{"embeddable":true,"href":"https:\/\/staging.ivg.it\/ediapi\/wp\/v2\/users\/4"}],"replies":[{"embeddable":true,"href":"https:\/\/staging.ivg.it\/ediapi\/wp\/v2\/comments?post=84064"}],"version-history":[{"count":0,"href":"https:\/\/staging.ivg.it\/ediapi\/wp\/v2\/posts\/84064\/revisions"}],"wp:attachment":[{"href":"https:\/\/staging.ivg.it\/ediapi\/wp\/v2\/media?parent=84064"}],"wp:term":[{"taxonomy":"category","embeddable":true,"href":"https:\/\/staging.ivg.it\/ediapi\/wp\/v2\/categories?post=84064"},{"taxonomy":"post_tag","embeddable":true,"href":"https:\/\/staging.ivg.it\/ediapi\/wp\/v2\/tags?post=84064"}],"curies":[{"name":"wp","href":"https:\/\/api.w.org\/{rel}","templated":true}]}}