{"id":83953,"date":"2010-02-24T13:58:25","date_gmt":"2010-02-24T12:58:25","guid":{"rendered":"http:\/\/www.ivg.it\/2010\/02\/24\/barbero-giusto-il-ricorso-di-sar-acts-e-rt-fondi-regionali-troppo-a-favore-di-genova\/"},"modified":"2010-02-24T18:13:18","modified_gmt":"2010-02-24T17:13:18","slug":"barbero-giusto-il-ricorso-di-sar-acts-e-rt-fondi-regionali-troppo-a-favore-di-genova","status":"publish","type":"post","link":"https:\/\/staging.ivg.it\/2010\/02\/barbero-giusto-il-ricorso-di-sar-acts-e-rt-fondi-regionali-troppo-a-favore-di-genova\/","title":{"rendered":"Barbero: &#8220;Giusto il ricorso di Sar, Acts e RT: fondi regionali troppo a favore di Genova&#8221;"},"content":{"rendered":"<p><strong>Albenga<\/strong>. &#8220;Come accade per la sanit\u00e0, in cui sussiste una suddivisione ineguale dei fondi, anche nei trasporti la provincia di Savona \u00e8 penalizzata dalla politica della Regione Liguria&#8221;. Commenta cos\u00ec Angelo Barbero, capogruppo del Popolo della Libert\u00e0 in Consiglio Regionale e in Consiglio Comunale ad Albenga, il ricorso presentato in questi giorni al Tar dalle societ\u00e0 di trasporto pubblico del savonese Acts Linea SpA, Sar Tpl SpA e Riviera Trasporti SpA, le quali lamentano una ingiusta ripartizione delle risorse finanziarie nel programma regionale dei servizi pubblici locali.<\/p>\n<p>Una disparit\u00e0 che, secondo l&#8217;esponente del centrodestra, \u00e8 analoga a quella presente nel sistema sanitario, contro la quale si \u00e8 pi\u00f9 volte battuto, sia da consigliere di maggioranza a sostegno di Biasotti, sia all&#8217;opposizione della giunta Burlando. &#8220;Cos\u00ec come non \u00e8 giusto che i cittadini della provincia di Savona percepiscano, in media, meno fondi per l&#8217;assistenza sanitaria rispetto a quelli della provincia di Genova, non \u00e8 ammissibile che i trasporti pubblici locali savonesi e imperiesi sia no sacrificati in favore di quello genovese&#8221; aggiunge l&#8217;esponente del Pdl.<\/p>\n<p>&#8220;Per questo, \u00e8 del tutto comprensibile e giustificato il ricorso presentato da Acts, Sar e RT, contro una distribuzione delle risorse che appare totalmente sbilanciata verso Genova, ai danni del nostro territorio&#8221; conclude Angelo Barbero.<\/p>\n","protected":false},"excerpt":{"rendered":"<p>Albenga. &#8220;Come accade per la sanit\u00e0, in cui sussiste una suddivisione ineguale dei fondi, anche nei trasporti la provincia di Savona \u00e8 penalizzata dalla politica della Regione Liguria&#8221;. Commenta cos\u00ec Angelo Barbero, capogruppo del Popolo della Libert\u00e0 in Consiglio Regionale e in Consiglio Comunale ad Albenga, il ricorso presentato in questi giorni al Tar dalle [&hellip;]<\/p>\n","protected":false},"author":5,"featured_media":0,"comment_status":"open","ping_status":"closed","sticky":false,"template":"","format":"standard","meta":{"footnotes":""},"categories":[35,31],"tags":[594,85841,2809,12688,6240,223,2937,2562,4886],"class_list":["post-83953","post","type-post","status-publish","format-standard","hentry","category-economia","category-politica","tag-acts","tag-albenga","tag-angelo-barbero","tag-fondi-regionali","tag-popolo-della-liberta","tag-regione-liguria","tag-ricorso","tag-sar","tag-tar","post_cat_citta-albenga","post_cat_citta-andora"],"amp_validity":null,"amp_enabled":true,"_links":{"self":[{"href":"https:\/\/staging.ivg.it\/ediapi\/wp\/v2\/posts\/83953","targetHints":{"allow":["GET"]}}],"collection":[{"href":"https:\/\/staging.ivg.it\/ediapi\/wp\/v2\/posts"}],"about":[{"href":"https:\/\/staging.ivg.it\/ediapi\/wp\/v2\/types\/post"}],"author":[{"embeddable":true,"href":"https:\/\/staging.ivg.it\/ediapi\/wp\/v2\/users\/5"}],"replies":[{"embeddable":true,"href":"https:\/\/staging.ivg.it\/ediapi\/wp\/v2\/comments?post=83953"}],"version-history":[{"count":0,"href":"https:\/\/staging.ivg.it\/ediapi\/wp\/v2\/posts\/83953\/revisions"}],"wp:attachment":[{"href":"https:\/\/staging.ivg.it\/ediapi\/wp\/v2\/media?parent=83953"}],"wp:term":[{"taxonomy":"category","embeddable":true,"href":"https:\/\/staging.ivg.it\/ediapi\/wp\/v2\/categories?post=83953"},{"taxonomy":"post_tag","embeddable":true,"href":"https:\/\/staging.ivg.it\/ediapi\/wp\/v2\/tags?post=83953"}],"curies":[{"name":"wp","href":"https:\/\/api.w.org\/{rel}","templated":true}]}}