{"id":83845,"date":"2010-02-22T14:36:18","date_gmt":"2010-02-22T13:36:18","guid":{"rendered":"http:\/\/www.ivg.it\/2010\/02\/22\/lambasciatore-della-repubblica-di-capoverde-in-visita-a-noli\/"},"modified":"2010-02-22T14:36:18","modified_gmt":"2010-02-22T13:36:18","slug":"lambasciatore-della-repubblica-di-capoverde-in-visita-a-noli","status":"publish","type":"post","link":"https:\/\/staging.ivg.it\/2010\/02\/lambasciatore-della-repubblica-di-capoverde-in-visita-a-noli\/","title":{"rendered":"L&#8217;ambasciatore della Repubblica di Capoverde in visita a Noli"},"content":{"rendered":"<p><strong>Noli<\/strong>. L&#8217;ambasciatore della Repubblica di Capoverde, accompagnato dal prof. Ferrada Noli, noto studioso della figura di Anton da Noli, sar\u00e0 in visita a Noli sabato 27 febbraio. L&#8217;antica repubblica marinara dette infatti i natali allo scopritore dell&#8217;arcipelago di Capoverde ed \u00e8 intenzione del Comune organizzare un convegno internazionale per ricordarne la figura di grande navigatore oltrech\u00e8 per approfondire la conoscenza di una importante relat\u00e0 africana.<\/p>\n<p>Da anni il Comune di Noli ha intrapreso collaborazioni con Capoverde sia sotto il profilo dell&#8217;aiuto umanitario che con la collaborazine con la comunit\u00e0 capoverdiana residente a Genova. Il Comune intende ora approfondire i legami storico-culturali e soprattutto approfondire la possibilit\u00e0 di sotenere progetti di cooperazione internazionale. Per informazioni: 0197499545-3292239928.<\/p>\n","protected":false},"excerpt":{"rendered":"<p>Noli. L&#8217;ambasciatore della Repubblica di Capoverde, accompagnato dal prof. Ferrada Noli, noto studioso della figura di Anton da Noli, sar\u00e0 in visita a Noli sabato 27 febbraio. L&#8217;antica repubblica marinara dette infatti i natali allo scopritore dell&#8217;arcipelago di Capoverde ed \u00e8 intenzione del Comune organizzare un convegno internazionale per ricordarne la figura di grande navigatore [&hellip;]<\/p>\n","protected":false},"author":13744,"featured_media":0,"comment_status":"open","ping_status":"closed","sticky":false,"template":"","format":"standard","meta":{"footnotes":""},"categories":[],"tags":[1068,11692,13009,85925,2962],"class_list":["post-83845","post","type-post","status-publish","format-standard","hentry","tag-ambasciatore","tag-anton-da-noli","tag-comune-di-noli","tag-noli","tag-visita","post_cat_citta-noli"],"amp_validity":null,"amp_enabled":true,"_links":{"self":[{"href":"https:\/\/staging.ivg.it\/ediapi\/wp\/v2\/posts\/83845","targetHints":{"allow":["GET"]}}],"collection":[{"href":"https:\/\/staging.ivg.it\/ediapi\/wp\/v2\/posts"}],"about":[{"href":"https:\/\/staging.ivg.it\/ediapi\/wp\/v2\/types\/post"}],"author":[{"embeddable":true,"href":"https:\/\/staging.ivg.it\/ediapi\/wp\/v2\/users\/13744"}],"replies":[{"embeddable":true,"href":"https:\/\/staging.ivg.it\/ediapi\/wp\/v2\/comments?post=83845"}],"version-history":[{"count":0,"href":"https:\/\/staging.ivg.it\/ediapi\/wp\/v2\/posts\/83845\/revisions"}],"wp:attachment":[{"href":"https:\/\/staging.ivg.it\/ediapi\/wp\/v2\/media?parent=83845"}],"wp:term":[{"taxonomy":"category","embeddable":true,"href":"https:\/\/staging.ivg.it\/ediapi\/wp\/v2\/categories?post=83845"},{"taxonomy":"post_tag","embeddable":true,"href":"https:\/\/staging.ivg.it\/ediapi\/wp\/v2\/tags?post=83845"}],"curies":[{"name":"wp","href":"https:\/\/api.w.org\/{rel}","templated":true}]}}