{"id":83818,"date":"2010-02-22T09:25:30","date_gmt":"2010-02-22T08:25:30","guid":{"rendered":"http:\/\/www.ivg.it\/2010\/02\/22\/al-via-le-settimane-del-gusto-specialita-a-prezzi-mini-per-i-giovani\/"},"modified":"2010-02-22T13:34:36","modified_gmt":"2010-02-22T12:34:36","slug":"al-via-le-settimane-del-gusto-specialita-a-prezzi-mini-per-i-giovani","status":"publish","type":"post","link":"https:\/\/staging.ivg.it\/2010\/02\/al-via-le-settimane-del-gusto-specialita-a-prezzi-mini-per-i-giovani\/","title":{"rendered":"Al via &#8220;Le Settimane del Gusto&#8221;: specialit\u00e0 a prezzi &#8220;mini&#8221; per i giovani"},"content":{"rendered":"<p><strong>Liguria.<\/strong> Crema di zucchette trombette con seppie al nero e scorzette di limoni candite di Flavio del Ristorante &#8220;Arco Antico&#8221; di Savona, Ravioli di erbette cu tuccu della Famiglia Circella della &#8220;Trattoria La Brinca&#8221;, il Sugarello delle barche di Noli con prescinseua e composta di zucca e zenzero di Giuseppe Ricchebuono del Ristorante &#8220;Il Vescovado&#8221;, il brandacujun alla castelluzza dei coniugi Masieri del Ristorante &#8220;Paolo e Barbara&#8221;.<\/p>\n<p>Abitualmente nei men\u00f9 di sette tra i migliori ristoranti liguri, questi grandi e storici piatti, da oggi al 7 marzo saranno proposti alla met\u00e0 del prezzo normalmente applicato agli under 26 anni, durante\u00a0 le due &#8220;Settimane del gusto&#8221; organizzate da Slow Food Italia e dall&#8217;Universit\u00e0 di Scienze gastronomiche di Pollenzo. L&#8217;iniziativa riguarda oltre 100 locali di alto livello di ogni regione d&#8217;Italia.<\/p>\n<p>In Liguria hanno aderito solo in sette questa volta, con la promessa di aumentare il numero nelle prossime edizioni. Mai come in questo caso il detto &#8220;Pochi Ma Buoni&#8221; \u00e8 stato cos\u00ec azzeccato poich\u00e9 tra loro c&#8217;\u00e8 riassunta tutta l&#8217;eccellenza gastronomica ligure, cantine fornite e dalle etichette importanti, luoghi con vista mozzafiato e atmosfere famigliare.<\/p>\n<p>&#8220;La proposta dei ristoranti sar\u00e0 cucita su misura per i giovani &#8211; spiega Marco Bolasco, direttore di Slow Food Editore &#8211; ed \u00e8 concepita pensando a questo come a un primo incontro tra i ragazzi e queste realt\u00e0, troppo spesso vissute come luoghi difficili da avvicinare e da sperimentare&#8221;.<\/p>\n<p>Per aderire alle settimane del gusto bisogna cliccate su www.settimanedelgusto.it, andare nell&#8217;area ristoranti e scegliere la propria regione sulla cartina. Una volta effettuata la scelta bisogna prenotare telefonicamente il tavolo, specificando che si vuole partecipare all&#8217;iniziativa. Il giorno del pranzo (o della cena) portarsi un documento d&#8217;identit\u00e0.<\/p>\n<p>Roberto Burdese, presidente di Slow Food Italia, sottolinea: &#8220;Le Settimane del Gusto sono innanzitutto una grande occasione per i giovani. Per noi l&#8217;educazione al gusto si fa in primo luogo in famiglia e nelle mense scolastiche. Ma sarebbe sbagliato trascurare i ristoranti: conoscere l&#8217;alta cucina italiana pu\u00f2 lasciare il segno sulle scelte alimentari delle generazioni future&#8221;.<\/p>\n<p>Lo conferma Anna Ruini, studentessa dell&#8217;Universit\u00e0 di Scienze Gastronomiche che con si suoi compagni \u00e8 stata tra le anime dell&#8217;iniziativa: &#8220;Pensiamo che queste settimane possano essere un ottimo modo per trasmettere la passione che abbiamo per la gastronomia ai nostri coetanei. E li invitiamo a scambiare idee e commenti con i ristoratori e con noi, sul sito, sulla pagina Facebook dedicata e su Twitter&#8221;.<br \/>\nNel Savonese, i ristoranti che aderiscono all&#8217;iniziativa sono &#8220;L&#8217;Arco antico&#8221; di Savona e il &#8220;Ristorante Vescovado&#8221; di Noli.<\/p>\n","protected":false},"excerpt":{"rendered":"<p>Liguria. Crema di zucchette trombette con seppie al nero e scorzette di limoni candite di Flavio del Ristorante &#8220;Arco Antico&#8221; di Savona, Ravioli di erbette cu tuccu della Famiglia Circella della &#8220;Trattoria La Brinca&#8221;, il Sugarello delle barche di Noli con prescinseua e composta di zucca e zenzero di Giuseppe Ricchebuono del Ristorante &#8220;Il Vescovado&#8221;, [&hellip;]<\/p>\n","protected":false},"author":13744,"featured_media":0,"comment_status":"open","ping_status":"closed","sticky":false,"template":"","format":"standard","meta":{"footnotes":""},"categories":[],"tags":[4465,1245,14267,1512,607,16761],"class_list":["post-83818","post","type-post","status-publish","format-standard","hentry","tag-enogastronomia","tag-giovani","tag-menu","tag-ristoranti","tag-slow-food","tag-specialita"],"amp_validity":null,"amp_enabled":true,"_links":{"self":[{"href":"https:\/\/staging.ivg.it\/ediapi\/wp\/v2\/posts\/83818","targetHints":{"allow":["GET"]}}],"collection":[{"href":"https:\/\/staging.ivg.it\/ediapi\/wp\/v2\/posts"}],"about":[{"href":"https:\/\/staging.ivg.it\/ediapi\/wp\/v2\/types\/post"}],"author":[{"embeddable":true,"href":"https:\/\/staging.ivg.it\/ediapi\/wp\/v2\/users\/13744"}],"replies":[{"embeddable":true,"href":"https:\/\/staging.ivg.it\/ediapi\/wp\/v2\/comments?post=83818"}],"version-history":[{"count":0,"href":"https:\/\/staging.ivg.it\/ediapi\/wp\/v2\/posts\/83818\/revisions"}],"wp:attachment":[{"href":"https:\/\/staging.ivg.it\/ediapi\/wp\/v2\/media?parent=83818"}],"wp:term":[{"taxonomy":"category","embeddable":true,"href":"https:\/\/staging.ivg.it\/ediapi\/wp\/v2\/categories?post=83818"},{"taxonomy":"post_tag","embeddable":true,"href":"https:\/\/staging.ivg.it\/ediapi\/wp\/v2\/tags?post=83818"}],"curies":[{"name":"wp","href":"https:\/\/api.w.org\/{rel}","templated":true}]}}