{"id":83741,"date":"2010-02-19T16:19:53","date_gmt":"2010-02-19T15:19:53","guid":{"rendered":"http:\/\/www.ivg.it\/2010\/02\/19\/albenga-domani-linaugurazione-del-fortino-restaurato\/"},"modified":"2010-02-19T16:19:53","modified_gmt":"2010-02-19T15:19:53","slug":"albenga-domani-linaugurazione-del-fortino-restaurato","status":"publish","type":"post","link":"https:\/\/staging.ivg.it\/2010\/02\/albenga-domani-linaugurazione-del-fortino-restaurato\/","title":{"rendered":"Albenga, domani l&#8217;inaugurazione del Fortino restaurato"},"content":{"rendered":"<p><strong>Albenga<\/strong>. Domani mattina il sindaco di Albenga Antonello Tabb\u00f2 inaugurer\u00e0 il neo restaurato Fortino cinquecentesco di piazza Europa, che \u00e8 ora pronto per un allestimento d&#8217;eccezione che lo trasformer\u00e0 nel centro visita e centro culturale multimediale didattico dell&#8217;Isola Gallinara di Albenga.<\/p>\n<p>Interverranno, oltre al sindaco Antonello Tabb\u00f2, Rosa Bellantoni, presidente della Societ\u00e0 L&#8217;Isola che andr\u00e0 a gestire il futuro centro culturale della Gallinara, l&#8217;architetto Maurizio Arnaldi che illustrer\u00e0 il progetto di allestimento e l&#8217;assessore al Turismo del Comune di Albenga Pina Verrazzani.<\/p>\n<p>L&#8217;assessore Verrazzani lancier\u00e0 in questa occasione le manifestazioni primaverili. &#8220;Quest&#8217;anno &#8211; anticipa Verrazzani &#8211; le manifestazioni primaverili, che da anni promuovono l&#8217;immagine di Albenga come citt\u00e0 d&#8217;arte strettamente connessa alla tipicit\u00e0 e qualit\u00e0 dei suoi prodotti agricoli, sono state concentrate in un mese, e precisamente dal 19 marzo al 18 aprile, denominato Primavera d&#8217;Albenga&#8221;.<\/p>\n","protected":false},"excerpt":{"rendered":"<p>Albenga. Domani mattina il sindaco di Albenga Antonello Tabb\u00f2 inaugurer\u00e0 il neo restaurato Fortino cinquecentesco di piazza Europa, che \u00e8 ora pronto per un allestimento d&#8217;eccezione che lo trasformer\u00e0 nel centro visita e centro culturale multimediale didattico dell&#8217;Isola Gallinara di Albenga. Interverranno, oltre al sindaco Antonello Tabb\u00f2, Rosa Bellantoni, presidente della Societ\u00e0 L&#8217;Isola che andr\u00e0 [&hellip;]<\/p>\n","protected":false},"author":5,"featured_media":0,"comment_status":"open","ping_status":"closed","sticky":false,"template":"","format":"standard","meta":{"footnotes":""},"categories":[],"tags":[85841,6142,558,6559,200,3767,1598,2857,18713],"class_list":["post-83741","post","type-post","status-publish","format-standard","hentry","tag-albenga","tag-allestimento","tag-antonello-tabbo","tag-fortino","tag-inaugurazione","tag-manifestazioni","tag-pina-verrazzani","tag-restauro","tag-rosa-bellantoni","post_cat_citta-albenga"],"amp_validity":null,"amp_enabled":true,"_links":{"self":[{"href":"https:\/\/staging.ivg.it\/ediapi\/wp\/v2\/posts\/83741","targetHints":{"allow":["GET"]}}],"collection":[{"href":"https:\/\/staging.ivg.it\/ediapi\/wp\/v2\/posts"}],"about":[{"href":"https:\/\/staging.ivg.it\/ediapi\/wp\/v2\/types\/post"}],"author":[{"embeddable":true,"href":"https:\/\/staging.ivg.it\/ediapi\/wp\/v2\/users\/5"}],"replies":[{"embeddable":true,"href":"https:\/\/staging.ivg.it\/ediapi\/wp\/v2\/comments?post=83741"}],"version-history":[{"count":0,"href":"https:\/\/staging.ivg.it\/ediapi\/wp\/v2\/posts\/83741\/revisions"}],"wp:attachment":[{"href":"https:\/\/staging.ivg.it\/ediapi\/wp\/v2\/media?parent=83741"}],"wp:term":[{"taxonomy":"category","embeddable":true,"href":"https:\/\/staging.ivg.it\/ediapi\/wp\/v2\/categories?post=83741"},{"taxonomy":"post_tag","embeddable":true,"href":"https:\/\/staging.ivg.it\/ediapi\/wp\/v2\/tags?post=83741"}],"curies":[{"name":"wp","href":"https:\/\/api.w.org\/{rel}","templated":true}]}}