{"id":83602,"date":"2010-02-17T11:41:15","date_gmt":"2010-02-17T10:41:15","guid":{"rendered":"http:\/\/www.ivg.it\/2010\/02\/17\/regionali-miceli-pd-arte-e-politica-per-linaugurazione-del-point-albenganese\/"},"modified":"2010-02-17T17:49:07","modified_gmt":"2010-02-17T16:49:07","slug":"regionali-miceli-pd-arte-e-politica-per-linaugurazione-del-point-albenganese","status":"publish","type":"post","link":"https:\/\/staging.ivg.it\/2010\/02\/regionali-miceli-pd-arte-e-politica-per-linaugurazione-del-point-albenganese\/","title":{"rendered":"Regionali, Miceli (Pd): arte e politica per l&#8217;inaugurazione del point albenganese"},"content":{"rendered":"<p><strong>Albenga.<\/strong> Arte e politica. E&#8217; il binomio scelto dal candidato alle elezioni regionali del Pd Nino Miceli in occasione dell&#8217;inaugurazione del suo point elettorale ad Albenga in programma per sabato 20 febbraio, alle ore 11, in via Cavour.<\/p>\n<p>La curiosa e singolare iniziativa promossa da Nino Miceli prevede l&#8217;apertura del point che ospieter\u00e0 anche la mostra &#8220;Appertenenze&#8221;, in programma dal 20 febbraio al 25 marzo presso il Palazzo Peloso di via Cavour. L&#8217;obiettivo \u00e8 condividere il momento politico con la realt\u00e0 culturale del territorio, raccontandosi anche attraverso un allestimento totalmente suggestivo, dove la tribuna politica lascer\u00e0 spazio all\u2019arte e alla storia di oggetti e immagini della nostra e delle altrui memorie.<br \/>\n\u00a0<br \/>\n&#8220;Le appartenenze sono forza, le diversit\u00e0 risorsa&#8221; dice Nino Miceli per presentare il suo infopoint elettorale decisamente insolito: &#8220;Ecco perch\u00e8 qui troverete immagini che evocano la memoria della nostra appartenenza,\u00a0 che la fondano e vivificano (come le belle fotografie della Resistenza a Ponente) mescolate a oggetti che evocano altre appartenenze: quelle del popoli nomadi del deserto del Sahara, i Beduini. Il mondo cambia sotto i nostri occhi &#8211; prosegue Nino Miceli &#8211; e il dovere della politica \u00e8 governare questo cambiamento secondo i principi sempre attuali della nostra Costituzione, orgogliosi e consapevoli della nostra identit\u00e0 e quindi rispettosi delle identit\u00e0 altrui secondo quei concreti princ\u00ecpi di\u00a0 libert\u00e0 per i quali tanti giovani italiani, tanti albenganesi hanno dato la loro vita: libert\u00e0 di vivere, di lavorare, di studiare nel reciproco rispetto. A proposito, Beduino in italiano si traduce uomo libero&#8230;&#8221; conclude Miceli.<\/p>\n","protected":false},"excerpt":{"rendered":"<p>Albenga. Arte e politica. E&#8217; il binomio scelto dal candidato alle elezioni regionali del Pd Nino Miceli in occasione dell&#8217;inaugurazione del suo point elettorale ad Albenga in programma per sabato 20 febbraio, alle ore 11, in via Cavour. La curiosa e singolare iniziativa promossa da Nino Miceli prevede l&#8217;apertura del point che ospieter\u00e0 anche la [&hellip;]<\/p>\n","protected":false},"author":4,"featured_media":0,"comment_status":"open","ping_status":"closed","sticky":false,"template":"","format":"standard","meta":{"footnotes":""},"categories":[31],"tags":[85841,6142,5005,36,200,2769,85831,2204,2711],"class_list":["post-83602","post","type-post","status-publish","format-standard","hentry","category-politica","tag-albenga","tag-allestimento","tag-candidato","tag-cultura","tag-inaugurazione","tag-nino-miceli","tag-politica","tag-ponente","tag-programma","post_cat_citta-albenga","post_cat_citta-andora"],"amp_validity":null,"amp_enabled":true,"_links":{"self":[{"href":"https:\/\/staging.ivg.it\/ediapi\/wp\/v2\/posts\/83602","targetHints":{"allow":["GET"]}}],"collection":[{"href":"https:\/\/staging.ivg.it\/ediapi\/wp\/v2\/posts"}],"about":[{"href":"https:\/\/staging.ivg.it\/ediapi\/wp\/v2\/types\/post"}],"author":[{"embeddable":true,"href":"https:\/\/staging.ivg.it\/ediapi\/wp\/v2\/users\/4"}],"replies":[{"embeddable":true,"href":"https:\/\/staging.ivg.it\/ediapi\/wp\/v2\/comments?post=83602"}],"version-history":[{"count":0,"href":"https:\/\/staging.ivg.it\/ediapi\/wp\/v2\/posts\/83602\/revisions"}],"wp:attachment":[{"href":"https:\/\/staging.ivg.it\/ediapi\/wp\/v2\/media?parent=83602"}],"wp:term":[{"taxonomy":"category","embeddable":true,"href":"https:\/\/staging.ivg.it\/ediapi\/wp\/v2\/categories?post=83602"},{"taxonomy":"post_tag","embeddable":true,"href":"https:\/\/staging.ivg.it\/ediapi\/wp\/v2\/tags?post=83602"}],"curies":[{"name":"wp","href":"https:\/\/api.w.org\/{rel}","templated":true}]}}