{"id":83564,"date":"2010-02-16T16:07:30","date_gmt":"2010-02-16T15:07:30","guid":{"rendered":"http:\/\/www.ivg.it\/2010\/02\/16\/ato-parlano-i-sindaci-di-pietra-ligure-e-giustenice\/"},"modified":"2010-02-17T10:55:53","modified_gmt":"2010-02-17T09:55:53","slug":"ato-parlano-i-sindaci-di-pietra-ligure-e-giustenice","status":"publish","type":"post","link":"https:\/\/staging.ivg.it\/2010\/02\/ato-parlano-i-sindaci-di-pietra-ligure-e-giustenice\/","title":{"rendered":"Ato, parlano i sindaci di Pietra Ligure e Giustenice"},"content":{"rendered":"<p><strong>Pietra Ligure.<\/strong> &#8220;Era un passaggio dovuto, anche se \u00e8 un gran passo indietro. Che ne dicano pubblicamente gli altri politici l&#8217;acqua privata va bene a tutti, ma ne pagheranno le conseguenze i cittadini&#8221;. Parla cos\u00ec ad IVG.it il sindaco di Pietra Ligure Luigi De Vincenzi, commentando la notizia del commissariamento da parte della Regione Liguria degli otto comuni del Savonese che non hanno aderito all&#8217;Ato provinciale.<\/p>\n<p>Tra questi, oltre a Pietra Ligure, anche il comune di Giustenice: &#8220;Questa cosa non ci sorprende. Sapevamo che sarebbe successo, sappiamo che la legge va rispettata e quindi il commissariamento era la procedura prevista. Non siamo contrari di per s\u00e8 all&#8217;Ato, ma siamo in disaccordo rispetto al fatto che nella procedura che \u00e8 stata proposta sia sparita quella condizione che consentiva ai comuni al di sotto dei mille abitanti di gestire autonomamente l&#8217;acqua&#8221; spiega il sindaco di Giustenice Ivano Rozzi.<\/p>\n<p>&#8220;Il nostro pensiero non cambia: noi crediamo che l&#8217;acqua debba rimanere pubblica. Questo \u00e8 un diritto \u00e8 sacrosanto, gi\u00e0 espresso in sede di consiglio comunale. Credo che la privatizzazione sia un ritorno al passato e voglia dire ripetere degli errori gi\u00e0 commessi da altri.\u00a0Ritengo che l&#8217;Ato sia nato anche sotto una spinta emozionale visto che in molte parti d&#8217;Italia il sistema dei rifiuti era in mano alla malavita organizzata&#8221; osserva ancora il primo cittadino di Giustenice.<\/p>\n<p>&#8220;Penso che una corretta gestione in certi ambiti possa arrivare solo dal pubblico. Noi comunque stiamo cercando una soluzione per aderire all&#8217;Ato ma il nostro auspicio \u00e8 quello di trovare una soluzione che ci permetta di poter continuare a mantenere il servizio di gestione dell&#8217;acquedotto in capo al Comune. Stiamo anche valutando l&#8217;opportunit\u00e0 di accedere alla Servizi Ambientali di Borghetto. La cosa per noi importante comunque \u00e8 che il costo dell&#8217;acqua resti accessibile e che resti pubblica&#8221; conclude Rozzi.<\/p>\n","protected":false},"excerpt":{"rendered":"<p>Pietra Ligure. &#8220;Era un passaggio dovuto, anche se \u00e8 un gran passo indietro. Che ne dicano pubblicamente gli altri politici l&#8217;acqua privata va bene a tutti, ma ne pagheranno le conseguenze i cittadini&#8221;. Parla cos\u00ec ad IVG.it il sindaco di Pietra Ligure Luigi De Vincenzi, commentando la notizia del commissariamento da parte della Regione Liguria [&hellip;]<\/p>\n","protected":false},"author":4,"featured_media":0,"comment_status":"open","ping_status":"closed","sticky":false,"template":"","format":"standard","meta":{"footnotes":""},"categories":[],"tags":[3498,2940,186,5691,1865,1307,85830,6568,17736,4286],"class_list":["post-83564","post","type-post","status-publish","format-standard","hentry","tag-acquedotto","tag-commissariamento","tag-consiglio-comunale","tag-ivano-rozzi","tag-ivg","tag-luigi-de-vincenzi","tag-pietra-ligure","tag-privatizzazione","tag-procedura","tag-savonese","post_cat_citta-andora","post_cat_citta-giustenice","post_cat_citta-pietra-ligure"],"amp_validity":null,"amp_enabled":true,"_links":{"self":[{"href":"https:\/\/staging.ivg.it\/ediapi\/wp\/v2\/posts\/83564","targetHints":{"allow":["GET"]}}],"collection":[{"href":"https:\/\/staging.ivg.it\/ediapi\/wp\/v2\/posts"}],"about":[{"href":"https:\/\/staging.ivg.it\/ediapi\/wp\/v2\/types\/post"}],"author":[{"embeddable":true,"href":"https:\/\/staging.ivg.it\/ediapi\/wp\/v2\/users\/4"}],"replies":[{"embeddable":true,"href":"https:\/\/staging.ivg.it\/ediapi\/wp\/v2\/comments?post=83564"}],"version-history":[{"count":0,"href":"https:\/\/staging.ivg.it\/ediapi\/wp\/v2\/posts\/83564\/revisions"}],"wp:attachment":[{"href":"https:\/\/staging.ivg.it\/ediapi\/wp\/v2\/media?parent=83564"}],"wp:term":[{"taxonomy":"category","embeddable":true,"href":"https:\/\/staging.ivg.it\/ediapi\/wp\/v2\/categories?post=83564"},{"taxonomy":"post_tag","embeddable":true,"href":"https:\/\/staging.ivg.it\/ediapi\/wp\/v2\/tags?post=83564"}],"curies":[{"name":"wp","href":"https:\/\/api.w.org\/{rel}","templated":true}]}}