{"id":83558,"date":"2010-02-16T16:19:24","date_gmt":"2010-02-16T15:19:24","guid":{"rendered":"http:\/\/www.ivg.it\/2010\/02\/16\/piaggio-pcl-vigiliamo-sul-futuro-della-fabbrica\/"},"modified":"2010-02-16T16:19:24","modified_gmt":"2010-02-16T15:19:24","slug":"piaggio-pcl-vigiliamo-sul-futuro-della-fabbrica","status":"publish","type":"post","link":"https:\/\/staging.ivg.it\/2010\/02\/piaggio-pcl-vigiliamo-sul-futuro-della-fabbrica\/","title":{"rendered":"Piaggio, Pcl: &#8220;Vigiliamo sul futuro della fabbrica&#8221;"},"content":{"rendered":"<p><strong>Finale Ligure<\/strong>. Lo sviluppo delle vicende legate alla Piaggio preoccupa ulteriormente il Partito Comunista dei Lavoratori. &#8220;La volubilt\u00e0 del progetto immobiliare sull&#8217;area &#8211; spiega Matteo Piccardi, esponente locale del Pcl -, l&#8217;imbarazzo dell&#8217;amministrazione Richeri, si sommano ora all&#8217;ennesimo bollettino sconsolante che le dirigenze sindacali e aziendali riportano sui quotidiani: nuovi sacrifici, vecchie paure&#8221;.<\/p>\n<p>&#8220;I lavoratori &#8211; prosegue Piccardi &#8211; sappiano che non \u00e8 in discussione la nostra attivit\u00e0 in Consiglio comunale per vigilare sul futuro della fabbrica, cos\u00ec come pi\u00f9 che mai rimane attuale il nostro invito agli stessi operai affinch\u00e9 si organizzino autonomamente e democraticamente, per conservare e difendere ogni loro diritto contrattuale e salariale, per non accettare nuove rinunce e per mettere la parola fine alla cassa-integrazione&#8221;.<\/p>\n","protected":false},"excerpt":{"rendered":"<p>Finale Ligure. Lo sviluppo delle vicende legate alla Piaggio preoccupa ulteriormente il Partito Comunista dei Lavoratori. &#8220;La volubilt\u00e0 del progetto immobiliare sull&#8217;area &#8211; spiega Matteo Piccardi, esponente locale del Pcl -, l&#8217;imbarazzo dell&#8217;amministrazione Richeri, si sommano ora all&#8217;ennesimo bollettino sconsolante che le dirigenze sindacali e aziendali riportano sui quotidiani: nuovi sacrifici, vecchie paure&#8221;. &#8220;I lavoratori [&hellip;]<\/p>\n","protected":false},"author":5,"featured_media":0,"comment_status":"open","ping_status":"closed","sticky":false,"template":"","format":"standard","meta":{"footnotes":""},"categories":[35,31],"tags":[1526,4477,85844,11657,871,6493,1222,1132],"class_list":["post-83558","post","type-post","status-publish","format-standard","hentry","category-economia","category-politica","tag-cassa-integrazione","tag-fabbrica","tag-finale-ligure","tag-futuro","tag-lavoratori","tag-matteo-piccardi","tag-pcl","tag-piaggio","post_cat_citta-finale-ligure"],"amp_validity":null,"amp_enabled":true,"_links":{"self":[{"href":"https:\/\/staging.ivg.it\/ediapi\/wp\/v2\/posts\/83558","targetHints":{"allow":["GET"]}}],"collection":[{"href":"https:\/\/staging.ivg.it\/ediapi\/wp\/v2\/posts"}],"about":[{"href":"https:\/\/staging.ivg.it\/ediapi\/wp\/v2\/types\/post"}],"author":[{"embeddable":true,"href":"https:\/\/staging.ivg.it\/ediapi\/wp\/v2\/users\/5"}],"replies":[{"embeddable":true,"href":"https:\/\/staging.ivg.it\/ediapi\/wp\/v2\/comments?post=83558"}],"version-history":[{"count":0,"href":"https:\/\/staging.ivg.it\/ediapi\/wp\/v2\/posts\/83558\/revisions"}],"wp:attachment":[{"href":"https:\/\/staging.ivg.it\/ediapi\/wp\/v2\/media?parent=83558"}],"wp:term":[{"taxonomy":"category","embeddable":true,"href":"https:\/\/staging.ivg.it\/ediapi\/wp\/v2\/categories?post=83558"},{"taxonomy":"post_tag","embeddable":true,"href":"https:\/\/staging.ivg.it\/ediapi\/wp\/v2\/tags?post=83558"}],"curies":[{"name":"wp","href":"https:\/\/api.w.org\/{rel}","templated":true}]}}