{"id":83424,"date":"2010-02-13T11:50:24","date_gmt":"2010-02-13T10:50:24","guid":{"rendered":"http:\/\/www.ivg.it\/2010\/02\/13\/elezioni-albenga-i-nomi-della-lista-della-lega-nord-in-appoggio-alla-guarnieri\/"},"modified":"2010-02-13T16:06:34","modified_gmt":"2010-02-13T15:06:34","slug":"elezioni-albenga-i-nomi-della-lista-della-lega-nord-in-appoggio-alla-guarnieri","status":"publish","type":"post","link":"https:\/\/staging.ivg.it\/2010\/02\/elezioni-albenga-i-nomi-della-lista-della-lega-nord-in-appoggio-alla-guarnieri\/","title":{"rendered":"Elezioni Albenga: i nomi della lista della Lega Nord in appoggio alla Guarnieri"},"content":{"rendered":"<p><strong>Albenga<\/strong>. Svelati i nomi dei componenti della Lista della Lega Nord che appogger\u00e0 il candidato sindaco di Albenga del centrodestra, Rosy Guarnieri.<\/p>\n<p>Eccoli: Sergio Savor\u00e8, classe 1948, farmacista; Mauro Aicardi, classe 1967, floricoltore; Loretta Ardissone classe 1962, casalinga; Giuliano Caleffi del &#8217;49, medico; Gerolamo Calleri classe 1961, floricoltore; Silvio Cangialosi del &#8217;77, imprenditore; Andrea De Grande, dell&#8221;81, geometra; Panfilo Greghini, classe 1974, chef di cucina; Alessandro Gori, classe 1955, medico; Silvia Nicolosi, del &#8217;73 medico; Carlo Parodi, classe 1966, agricoltore; Domenico Pizzo del 1950, floricoltore; Daniel Porcello, classe 1979, impiegato presso agenzia immobiliare; Cristina Porro, classe 1971, Avvocato; Maurizio Rib\u00f2, classe 1971, agente immobiliare; Antonio Setaro, del &#8217;75, geometra; Donato Stanco, classe 1950, pensionato; Lucia Toscano, del &#8217;67, commerciante; Alessandro Vallerga dell&#8217;82, neo Laureato; Salvatore Vullo, classe 1960, insegnante.<\/p>\n<p>Grande soddisfazione per la lista \u00e8 stata espressa dal dott. Giuliano Caleffi, segretario comunale della Lega Nord, recentemente battutosi per la tutela dei commercianti albenganesi, e da Rosy Guarnieri, capogruppo della Lega Nord in Consiglio Comunale e candidato Sindaco del centrodestra. \u201cAbbiamo assemblato la migliore squadra possibile, fatta di persone di grande valore, per cambiare il volto a questa citt\u00e0\u201d, dichiara Rosy Guarnieri, che prosegue: \u201cI nomi giusti per ridare Albenga agli albenganesi, per mettere ancor pi\u00f9 in risalto le ricchezze della citt\u00e0 e per porre rimedio ai danni causati dall&#8217;attuale amministrazione, ma soprattutto per far s\u00ec che vengano fatte rispettare le regole\u201d. La sicurezza come priorit\u00e0 del programma amministrativo: \u201cEsistono alcune regole e vanno fatte rispettare: solo cos\u00ec Albenga potr\u00e0 rialzarsi\u201d, conclude Rosy Guarnieri.<\/p>\n","protected":false},"excerpt":{"rendered":"<p>Albenga. Svelati i nomi dei componenti della Lista della Lega Nord che appogger\u00e0 il candidato sindaco di Albenga del centrodestra, Rosy Guarnieri. Eccoli: Sergio Savor\u00e8, classe 1948, farmacista; Mauro Aicardi, classe 1967, floricoltore; Loretta Ardissone classe 1962, casalinga; Giuliano Caleffi del &#8217;49, medico; Gerolamo Calleri classe 1961, floricoltore; Silvio Cangialosi del &#8217;77, imprenditore; Andrea De [&hellip;]<\/p>\n","protected":false},"author":13744,"featured_media":0,"comment_status":"open","ping_status":"closed","sticky":false,"template":"","format":"standard","meta":{"footnotes":""},"categories":[31],"tags":[85841,2915,218,630,2914,6607],"class_list":["post-83424","post","type-post","status-publish","format-standard","hentry","category-politica","tag-albenga","tag-candidati","tag-elezioni","tag-lega-nord","tag-lista","tag-rosy-guarnieri","post_cat_citta-albenga"],"amp_validity":null,"amp_enabled":true,"_links":{"self":[{"href":"https:\/\/staging.ivg.it\/ediapi\/wp\/v2\/posts\/83424","targetHints":{"allow":["GET"]}}],"collection":[{"href":"https:\/\/staging.ivg.it\/ediapi\/wp\/v2\/posts"}],"about":[{"href":"https:\/\/staging.ivg.it\/ediapi\/wp\/v2\/types\/post"}],"author":[{"embeddable":true,"href":"https:\/\/staging.ivg.it\/ediapi\/wp\/v2\/users\/13744"}],"replies":[{"embeddable":true,"href":"https:\/\/staging.ivg.it\/ediapi\/wp\/v2\/comments?post=83424"}],"version-history":[{"count":0,"href":"https:\/\/staging.ivg.it\/ediapi\/wp\/v2\/posts\/83424\/revisions"}],"wp:attachment":[{"href":"https:\/\/staging.ivg.it\/ediapi\/wp\/v2\/media?parent=83424"}],"wp:term":[{"taxonomy":"category","embeddable":true,"href":"https:\/\/staging.ivg.it\/ediapi\/wp\/v2\/categories?post=83424"},{"taxonomy":"post_tag","embeddable":true,"href":"https:\/\/staging.ivg.it\/ediapi\/wp\/v2\/tags?post=83424"}],"curies":[{"name":"wp","href":"https:\/\/api.w.org\/{rel}","templated":true}]}}