{"id":83179,"date":"2010-02-09T17:33:39","date_gmt":"2010-02-09T16:33:39","guid":{"rendered":"http:\/\/www.ivg.it\/2010\/02\/09\/carcare-convegno-sui-prodotti-tipici-valbormidesi\/"},"modified":"2010-02-09T17:33:39","modified_gmt":"2010-02-09T16:33:39","slug":"carcare-convegno-sui-prodotti-tipici-valbormidesi","status":"publish","type":"post","link":"https:\/\/staging.ivg.it\/2010\/02\/carcare-convegno-sui-prodotti-tipici-valbormidesi\/","title":{"rendered":"Carcare, convegno sui prodotti tipici valbormidesi"},"content":{"rendered":"<p><strong>Carcare<\/strong>. Venerd\u00ec 26 febbraio alle ore 9,30, presso la sede di Carcare della Ial Liguria, si terr\u00e0 il convegno &#8220;Il gusto del viver bene&#8221;. Il prodotto tipico per valorizzare il territorio, con una proposta per la Val Bormida, sar\u00e0 il tema centrale.<\/p>\n<p>All&#8217;interno del corso Ifts &#8220;Tecnico superiore per la ristorazione e la valorizzazione dei prodotti territoriali e delle produzioni tipiche&#8221;, gli allievi hanno sperimentato in prima persona con il supporto dei docenti la realizzazione di un evento dedicato alla valorizzazione dei prodotti tipici locali e del territorio ligure. L&#8217;evento si concretizza in un convegno, la cui organizzazione ha dato agli allievi la possibilit\u00e0 di confrontarsi con una rete di interlocutori molto ampia e varia, utile per ampliare la loro visione anche in prospettiva di una loro introduzione nel mondo del lavoro.<\/p>\n<p>Il programma, ancora in via di definizione, si aprir\u00e0 alle 9,30 con l&#8217;accoglienza e la registrazione dei partecipanti. Ad aprire e coordinare il convegno sar\u00e0 Gavino Maresu, docente di Gestione delle imprese e degli eventi turistici all&#8217;Universit\u00e0 degli Studi di Genova.<\/p>\n<p>Interverranno Veronica Paraluppi, direttrice Ial Liguria &#8211; Carcare con &#8220;L&#8217;importanza della formazione per la valorizzazione del territorio&#8221;; gli allievi del corso Ifts con &#8220;Presentazione&#8221;; Maurizio Ghidetti, presidente Consorzio Valli Bormida e Giovo Leader con &#8220;Il consorzio Val Bormida e Giovo e la sua attivit\u00e0 di promozione e valorizzazione&#8221;; Linda Nano, consulente per la valorizzazione dei prodotti tipici con &#8220;Percorsi per la valorizzazione e la tutela dei prodotti tipici&#8221;; Mauro Spotorno, associato di Geografia applicata all&#8217;Universit\u00e0 di Genova e Mizio Ferraris, esperto in comunicazione ambientale con &#8220;L&#8217;ambiente e le produzioni tipiche del territorio&#8221;; Angelo Berlangieri, ex direttore generale Agenzia Regionale In Liguria con &#8220;Il ruolo dei prodotti tipici per la promozione del territorio ligure&#8221;.<\/p>\n<p>Il convegno si chiuder\u00f2 alle ore 12. Seguir\u00e0 una degustazione di prodotti tipici.<\/p>\n","protected":false},"excerpt":{"rendered":"<p>Carcare. Venerd\u00ec 26 febbraio alle ore 9,30, presso la sede di Carcare della Ial Liguria, si terr\u00e0 il convegno &#8220;Il gusto del viver bene&#8221;. Il prodotto tipico per valorizzare il territorio, con una proposta per la Val Bormida, sar\u00e0 il tema centrale. All&#8217;interno del corso Ifts &#8220;Tecnico superiore per la ristorazione e la valorizzazione dei [&hellip;]<\/p>\n","protected":false},"author":5,"featured_media":0,"comment_status":"open","ping_status":"closed","sticky":false,"template":"","format":"standard","meta":{"footnotes":""},"categories":[35],"tags":[85852,876,2142,1600,3923,890],"class_list":["post-83179","post","type-post","status-publish","format-standard","hentry","category-economia","tag-carcare","tag-convegno","tag-corso","tag-prodotti-tipici","tag-territorio","tag-val-bormida","post_cat_citta-carcare"],"amp_validity":null,"amp_enabled":true,"_links":{"self":[{"href":"https:\/\/staging.ivg.it\/ediapi\/wp\/v2\/posts\/83179","targetHints":{"allow":["GET"]}}],"collection":[{"href":"https:\/\/staging.ivg.it\/ediapi\/wp\/v2\/posts"}],"about":[{"href":"https:\/\/staging.ivg.it\/ediapi\/wp\/v2\/types\/post"}],"author":[{"embeddable":true,"href":"https:\/\/staging.ivg.it\/ediapi\/wp\/v2\/users\/5"}],"replies":[{"embeddable":true,"href":"https:\/\/staging.ivg.it\/ediapi\/wp\/v2\/comments?post=83179"}],"version-history":[{"count":0,"href":"https:\/\/staging.ivg.it\/ediapi\/wp\/v2\/posts\/83179\/revisions"}],"wp:attachment":[{"href":"https:\/\/staging.ivg.it\/ediapi\/wp\/v2\/media?parent=83179"}],"wp:term":[{"taxonomy":"category","embeddable":true,"href":"https:\/\/staging.ivg.it\/ediapi\/wp\/v2\/categories?post=83179"},{"taxonomy":"post_tag","embeddable":true,"href":"https:\/\/staging.ivg.it\/ediapi\/wp\/v2\/tags?post=83179"}],"curies":[{"name":"wp","href":"https:\/\/api.w.org\/{rel}","templated":true}]}}