{"id":83118,"date":"2010-02-08T18:09:36","date_gmt":"2010-02-08T17:09:36","guid":{"rendered":"http:\/\/www.ivg.it\/2010\/02\/08\/albissola-evacuate-otto-villette-ordinanza-del-sindaco\/"},"modified":"2010-02-08T19:16:13","modified_gmt":"2010-02-08T18:16:13","slug":"albissola-evacuate-otto-villette-ordinanza-del-sindaco","status":"publish","type":"post","link":"https:\/\/staging.ivg.it\/2010\/02\/albissola-evacuate-otto-villette-ordinanza-del-sindaco\/","title":{"rendered":"Albissola, evacuate otto villette: ordinanza del sindaco"},"content":{"rendered":"<p><strong>Albissola M.<\/strong> &#8220;Non ci sono rischi immediati di crolli, il provvedimento del Comune \u00e8 stato preso in via precauzionale&#8221;. Cos\u00ec il sindaco di Albissola Marina, Nicol\u00f2 Vincenzi, sull&#8217;ordinanza di evacuazione che ha riguardato otto villette a schiera, situate in localit\u00e0 Poggio del Sole.<\/p>\n<p>&#8220;Da giorni erano state segnalate erosioni del terreno circostante alle case e dopo un sopralluogo dei tecnici del Comune si \u00e8 deciso per questa ordinanza&#8221;. Intanto sulla costruzione delle abitazioni sulla collina albissolese il Corpo Forestale dello Stato ha acquisito altra documentazione, inviata alla Procura savonese per accertare la possibilit\u00e0 di interventi illeciti realizzati nella zona.<\/p>\n","protected":false},"excerpt":{"rendered":"<p>Albissola M. &#8220;Non ci sono rischi immediati di crolli, il provvedimento del Comune \u00e8 stato preso in via precauzionale&#8221;. Cos\u00ec il sindaco di Albissola Marina, Nicol\u00f2 Vincenzi, sull&#8217;ordinanza di evacuazione che ha riguardato otto villette a schiera, situate in localit\u00e0 Poggio del Sole. &#8220;Da giorni erano state segnalate erosioni del terreno circostante alle case e [&hellip;]<\/p>\n","protected":false},"author":1385,"featured_media":0,"comment_status":"open","ping_status":"closed","sticky":false,"template":"","format":"standard","meta":{"footnotes":""},"categories":[34],"tags":[1447,86007,86019,1951,6993,1978],"class_list":["post-83118","post","type-post","status-publish","format-standard","hentry","category-cronaca","tag-abitazioni","tag-albissola-marina","tag-comune","tag-corpo-forestale","tag-corpo-forestale-dello-stato","tag-ordinanza","post_cat_citta-albissola-marina","post_cat_citta-savona"],"amp_validity":null,"amp_enabled":true,"_links":{"self":[{"href":"https:\/\/staging.ivg.it\/ediapi\/wp\/v2\/posts\/83118","targetHints":{"allow":["GET"]}}],"collection":[{"href":"https:\/\/staging.ivg.it\/ediapi\/wp\/v2\/posts"}],"about":[{"href":"https:\/\/staging.ivg.it\/ediapi\/wp\/v2\/types\/post"}],"author":[{"embeddable":true,"href":"https:\/\/staging.ivg.it\/ediapi\/wp\/v2\/users\/1385"}],"replies":[{"embeddable":true,"href":"https:\/\/staging.ivg.it\/ediapi\/wp\/v2\/comments?post=83118"}],"version-history":[{"count":0,"href":"https:\/\/staging.ivg.it\/ediapi\/wp\/v2\/posts\/83118\/revisions"}],"wp:attachment":[{"href":"https:\/\/staging.ivg.it\/ediapi\/wp\/v2\/media?parent=83118"}],"wp:term":[{"taxonomy":"category","embeddable":true,"href":"https:\/\/staging.ivg.it\/ediapi\/wp\/v2\/categories?post=83118"},{"taxonomy":"post_tag","embeddable":true,"href":"https:\/\/staging.ivg.it\/ediapi\/wp\/v2\/tags?post=83118"}],"curies":[{"name":"wp","href":"https:\/\/api.w.org\/{rel}","templated":true}]}}