{"id":82893,"date":"2010-02-04T11:40:39","date_gmt":"2010-02-04T10:40:39","guid":{"rendered":"http:\/\/www.ivg.it\/2010\/02\/04\/albenga-barbero-pdl-dichiarazioni-di-burlando-affette-da-un-tempismo-elettorale-sospetto\/"},"modified":"2010-02-04T16:04:01","modified_gmt":"2010-02-04T15:04:01","slug":"albenga-barbero-pdl-dichiarazioni-di-burlando-affette-da-un-tempismo-elettorale-sospetto","status":"publish","type":"post","link":"https:\/\/staging.ivg.it\/2010\/02\/albenga-barbero-pdl-dichiarazioni-di-burlando-affette-da-un-tempismo-elettorale-sospetto\/","title":{"rendered":"Albenga, Barbero (PdL): &#8220;Dichiarazioni di Burlando &#8220;affette&#8221; da tempismo elettorale&#8221;"},"content":{"rendered":"<p><strong>Albenga<\/strong>. Angelo Barbero, Capogruppo &#8220;Per la Liguria nel Popolo della Libert\u00e0&#8221; in Consiglio Regionale e Capogruppo &#8220;Popolo della Libert\u00e0&#8221; in Consiglio comunale ad Albenga, commenta il recente annuncio di Claudio Burlando, Presidente della Regione Liguria, relativo all&#8217;estensione dei servizi del reparto di rianimazione dell&#8217;Ospedale Santa Maria di Misericordia di Albenga.<\/p>\n<p>&#8220;Con tutto il lavoro che ho fatto in Consiglio Regionale &#8211; dichiara Barbero &#8211; per il raggiungimento di questo obiettivo, non posso che registrare con soddisfazione le dichiarazioni rilasciate dal presidente Burlando, che ha finalmente annunciato che il reparto di rianimazione dell&#8217;Ospedale di Albenga sar\u00e0 presto operativo sette giorni su sette&#8221;.<\/p>\n<p>&#8220;Non sorprende &#8211; prosegue il consigliere regionale del PdL &#8211; lo strano tempismo di questo annuncio. Sono almeno tre le interrogazioni che ho presentato in Consiglio Regionale affinch\u00e9 il servizio offerto dal reparto di rianimazione venisse esteso a tutto l&#8217;arco della settimana, e pi\u00f9 volte ho portato la questione all&#8217;attenzione delle istituzioni, come puntualmente riportato dagli organi di stampa&#8221;.<\/p>\n<p>&#8220;Ora, a due mesi dal voto, Burlando mi d\u00e0 finalmente retta: \u00e8 quasi un peccato che non si voti pi\u00f9 spesso. E non mi stupirei affatto se, nei prossimi giorni, dovesse annunciare anche l&#8217;apertura del reparto di ostetricia ad Albenga&#8221; conclude Barbero.<\/p>\n","protected":false},"excerpt":{"rendered":"<p>Albenga. Angelo Barbero, Capogruppo &#8220;Per la Liguria nel Popolo della Libert\u00e0&#8221; in Consiglio Regionale e Capogruppo &#8220;Popolo della Libert\u00e0&#8221; in Consiglio comunale ad Albenga, commenta il recente annuncio di Claudio Burlando, Presidente della Regione Liguria, relativo all&#8217;estensione dei servizi del reparto di rianimazione dell&#8217;Ospedale Santa Maria di Misericordia di Albenga. &#8220;Con tutto il lavoro che [&hellip;]<\/p>\n","protected":false},"author":13744,"featured_media":0,"comment_status":"open","ping_status":"closed","sticky":false,"template":"","format":"standard","meta":{"footnotes":""},"categories":[31],"tags":[85841,2809,284,10658,15726,298,2131],"class_list":["post-82893","post","type-post","status-publish","format-standard","hentry","category-politica","tag-albenga","tag-angelo-barbero","tag-claudio-burlando","tag-elezioni-regionali","tag-ospedale-santa-maria-di-misericordia","tag-ostetricia","tag-rianimazione","post_cat_citta-albenga"],"amp_validity":null,"amp_enabled":true,"_links":{"self":[{"href":"https:\/\/staging.ivg.it\/ediapi\/wp\/v2\/posts\/82893","targetHints":{"allow":["GET"]}}],"collection":[{"href":"https:\/\/staging.ivg.it\/ediapi\/wp\/v2\/posts"}],"about":[{"href":"https:\/\/staging.ivg.it\/ediapi\/wp\/v2\/types\/post"}],"author":[{"embeddable":true,"href":"https:\/\/staging.ivg.it\/ediapi\/wp\/v2\/users\/13744"}],"replies":[{"embeddable":true,"href":"https:\/\/staging.ivg.it\/ediapi\/wp\/v2\/comments?post=82893"}],"version-history":[{"count":0,"href":"https:\/\/staging.ivg.it\/ediapi\/wp\/v2\/posts\/82893\/revisions"}],"wp:attachment":[{"href":"https:\/\/staging.ivg.it\/ediapi\/wp\/v2\/media?parent=82893"}],"wp:term":[{"taxonomy":"category","embeddable":true,"href":"https:\/\/staging.ivg.it\/ediapi\/wp\/v2\/categories?post=82893"},{"taxonomy":"post_tag","embeddable":true,"href":"https:\/\/staging.ivg.it\/ediapi\/wp\/v2\/tags?post=82893"}],"curies":[{"name":"wp","href":"https:\/\/api.w.org\/{rel}","templated":true}]}}