{"id":82753,"date":"2010-02-02T10:53:51","date_gmt":"2010-02-02T09:53:51","guid":{"rendered":"http:\/\/www.ivg.it\/2010\/02\/02\/albenga-carlo-tonarelli-dice-no-agli-ogm-lanciata-campagna-di-raccolta-firme\/"},"modified":"2010-02-02T13:08:38","modified_gmt":"2010-02-02T12:08:38","slug":"albenga-carlo-tonarelli-dice-no-agli-ogm-lanciata-campagna-di-raccolta-firme","status":"publish","type":"post","link":"https:\/\/staging.ivg.it\/2010\/02\/albenga-carlo-tonarelli-dice-no-agli-ogm-lanciata-campagna-di-raccolta-firme\/","title":{"rendered":"Albenga, Carlo Tonarelli dice no agli OGM: lanciata campagna di raccolta firme"},"content":{"rendered":"<p><strong>Albenga<\/strong>. Il consigliere comunale di Albenga Carlo Tonarelli, candidato alle regionali nella lista civica &#8220;Noi con Claudio Burlando&#8221;, va all&#8217;attacco sulle sostenze geneticamente modificate e lancia una proposta: una raccolta di firme per rendere pi\u00f9 forte la voce del Governatore su temi delicati che preoccupano i cittadini.<\/p>\n<p>Venerd\u00ec 5 febbraio quindi, alle ore 21, a Boissano dove avr\u00e0 un incontro pubblico per discutere di temi che trattano la tutela della salute presenter\u00e0 l\u2019iniziativa della raccolta di firme. &#8220;Sono stati dieci bruttissimi giorni per la nostra salute e per l&#8217;ambiente \u2013 afferma Tonarelli -. Prima il Consiglio di Stato che spiana la strada al progetto delle multinazionali sull&#8217;utilizzo degli OGM su tutto il territorio nazionale senza aspettare i vincoli delle Regioni e senza ascoltare il parere contrario\u00a0del Ministro e delle organizzazioni degli agricoltori&#8221;.<\/p>\n<p>&#8220;Poi la Lega Ambiente che, basandosi sulle misurazioni dell&#8217;Arpal (che ha valutato le polveri sottili pi\u00f9 spesse le PM 10 ed ha trascurato le pi\u00f9 fini e dannose le PM 2,5), dice che l&#8217;aria del Ponente \u00e8 salubre e senza pericoli. Infine la legge sulla caccia: si potr\u00e0 sparare tutto l&#8217;anno su tutto quello che vola o si muove alla faccia delle specie protette e della Biodiversit\u00e0&#8221; aggiunge Tonarelli.<\/p>\n<p>&#8220;Dobbiamo portare al Governatore della Liguria Claudio Burlando la nostra preoccupazione e invitarlo a non mollare: niente OGM in Liguria, No all&#8217;ampliamento della Tirreno Power senza garanzie sulla salubrit\u00e0 dell&#8217;aria che respiriamo, s\u00ec solo alla caccia adeguatamente regolamentata&#8221; conclude il candidato delle lista &#8220;Noi con Burlando&#8221;. La mobilitazione per la raccolta di firme \u00e8 in atto e gli ambientalisti insieme ai cittadini sensibili ai temi della salute si stanno quindi attivando per contrastare queste decisioni.<\/p>\n","protected":false},"excerpt":{"rendered":"<p>Albenga. Il consigliere comunale di Albenga Carlo Tonarelli, candidato alle regionali nella lista civica &#8220;Noi con Claudio Burlando&#8221;, va all&#8217;attacco sulle sostenze geneticamente modificate e lancia una proposta: una raccolta di firme per rendere pi\u00f9 forte la voce del Governatore su temi delicati che preoccupano i cittadini. Venerd\u00ec 5 febbraio quindi, alle ore 21, a [&hellip;]<\/p>\n","protected":false},"author":5,"featured_media":0,"comment_status":"open","ping_status":"closed","sticky":false,"template":"","format":"standard","meta":{"footnotes":""},"categories":[31],"tags":[85841,3340,15516,18393,6523,86037],"class_list":["post-82753","post","type-post","status-publish","format-standard","hentry","category-politica","tag-albenga","tag-carlo-tonarelli","tag-noi-con-claudio-burlando","tag-ogm","tag-raccolta-firme","tag-salute","post_cat_citta-albenga"],"amp_validity":null,"amp_enabled":true,"_links":{"self":[{"href":"https:\/\/staging.ivg.it\/ediapi\/wp\/v2\/posts\/82753","targetHints":{"allow":["GET"]}}],"collection":[{"href":"https:\/\/staging.ivg.it\/ediapi\/wp\/v2\/posts"}],"about":[{"href":"https:\/\/staging.ivg.it\/ediapi\/wp\/v2\/types\/post"}],"author":[{"embeddable":true,"href":"https:\/\/staging.ivg.it\/ediapi\/wp\/v2\/users\/5"}],"replies":[{"embeddable":true,"href":"https:\/\/staging.ivg.it\/ediapi\/wp\/v2\/comments?post=82753"}],"version-history":[{"count":0,"href":"https:\/\/staging.ivg.it\/ediapi\/wp\/v2\/posts\/82753\/revisions"}],"wp:attachment":[{"href":"https:\/\/staging.ivg.it\/ediapi\/wp\/v2\/media?parent=82753"}],"wp:term":[{"taxonomy":"category","embeddable":true,"href":"https:\/\/staging.ivg.it\/ediapi\/wp\/v2\/categories?post=82753"},{"taxonomy":"post_tag","embeddable":true,"href":"https:\/\/staging.ivg.it\/ediapi\/wp\/v2\/tags?post=82753"}],"curies":[{"name":"wp","href":"https:\/\/api.w.org\/{rel}","templated":true}]}}