{"id":82715,"date":"2010-02-01T16:00:47","date_gmt":"2010-02-01T15:00:47","guid":{"rendered":"http:\/\/www.ivg.it\/2010\/02\/01\/valleggia-stagione-cameristica-in-arrivo-il-quartetto-di-venezia\/"},"modified":"2010-02-01T16:00:47","modified_gmt":"2010-02-01T15:00:47","slug":"valleggia-stagione-cameristica-in-arrivo-il-quartetto-di-venezia","status":"publish","type":"post","link":"https:\/\/staging.ivg.it\/2010\/02\/valleggia-stagione-cameristica-in-arrivo-il-quartetto-di-venezia\/","title":{"rendered":"Valleggia, stagione cameristica: in arrivo il Quartetto di Venezia"},"content":{"rendered":"<p><strong>Quiliano<\/strong>. La Stagione cameristica 2009\/2010 dell\u2019Associazione Musicale \u201cRossini\u201d \u00e8 arrivata ormai all&#8217;appuntamento con il settimo concerto che si terr\u00e0 gioved\u00ec 11 febbraio, alle ore 21, al Teatro Nuovo Valleggia, e vedr\u00e0 sul palco il Quartetto di Venezia che eseguir\u00e0 musiche di Haydn, Mendelssohn e Cherubini.<\/p>\n<p>Del Quartetto Bruno Giuranna dice: &#8220;E&#8217; un complesso che spicca con risalto nel pur vario e vasto panorama musicale europeo. La perfetta padronanza tecnica e la forza delle interpretazioni, caratterizzate dalla spinta verso un valore assoluto propria dei veri interpreti, pongono il &#8216;Quartetto di Venezia&#8217; ai vertici della categoria e fra i pochissimi degni di coprire il ruolo dei grandi Quartetti del passato&#8221;.<\/p>\n<p>Sfogliando il volume delle testimonianze critiche, l&#8217;elogio pi\u00f9 bello sembra quello formulato sul &#8220;Los Angeles Times&#8221; da Daniel Cariaga: &#8220;questo quartetto \u00e8 pi\u00f9 che affascinante, \u00e8 sincero e concreto&#8221;. Rigore analitico e passione sono i caratteri distintivi dell&#8217;ensemble veneziano, qualit\u00e0 ereditate da due scuole fondamentali dell&#8217;interpretazione quartettistica: quella del &#8220;Quartetto Italiano&#8221; sotto la guida del M\u00b0 Piero Farulli e la Scuola Mitteleuropea del &#8220;Quartetto Vegh&#8221;, tramite i numerosi incontri avuti con Sandor Vegh e Paul Szabo.<\/p>\n<p>Il &#8220;Quartetto di Venezia&#8221; ha suonato in alcuni tra i maggiori Festivals Internazionali in Italia e nel mondo tra cui la National Gallery a Washington, Palazzo delle Nazioni Unite a New York, Sala Unesco a Parigi, IUC a Roma, Serate Musicali di Milano, Kissinger Sommer, Ossiach\/Villach, Klangbogen Vienna, Palau de la Musica Barcellona, Tivoli Copenhagen, Societ\u00e8 Philarmonique a Bruxelles.<\/p>\n<p>E&#8217; stato recentemente invitato dal CIDIM per una lunga tourn\u00e9e in Sud America: Argentina, Brasile e Uruguay. Ha avuto l&#8217;onore di suonare per Sua Santit\u00e0 Papa Giovanni Paolo II  e per il Presidente della Repubblica Italiana. Il repertorio del &#8220;Quartetto di Venezia&#8221; \u00e8 estremamente ricco ed include, oltre al repertorio pi\u00f9 noto, opere raramente eseguite come i quartetti di G.F.Malipiero (&#8220;Premio della Critica Italiana&#8221; quale migliore incisione cameristica).<\/p>\n<p>La vasta produzione discografica include 19 CD per la Dynamic, Fonit Cetra, Unicef, Aura, Koch. Hanno iniziato una collaborazione artistica con la casa discografica Decca, registrando l\u2019integrale dei sei quartetti di Luigi Cherubini che uscir\u00e0 quest\u2019anno. Numerose sono anche le registrazioni radiofoniche e televisive per la RAI &amp; RAI International, Bayerischer Rundfunk, New York Times (WQXR), ORF1, Schweizer DRS2, Suisse Romande, Radio Clasica Espanola, MBC Sudcoreana.<\/p>\n<p>Spinto dal piacere del suonare assieme, l&#8217;ensemble ha collaborato con artisti di fama mondiale tra i quali Bruno Giuranna, \u201dQuartetto Borodin\u201d, \u201cQuartetto Prazak\u201d, P. Farulli, P. Szabo, O. Ghiglia, D. Rossi, D.  Flury  (1\u00b0 Flauto dei Wiener), P. De Maria, A. Nos\u00e8.  Il primo violino suona un Santo Serafino 1740 della Fondazione Pro Canale-Onlus di Milano. In occasione del 25\u00b0 anniversario, il \u201cQuartetto di Venezia\u201d ha ricevuto l\u2019alto riconoscimento del Presidente della Repubblica Italiana Giorgio Napolitano.<\/p>\n<p>Programma della serata (ingresso 13 euro): F. J. Haydn:  Quartetto in re minore op. 42; F. Mendelssohn:  Quattro pezzi op. 81 e L. Cherubini:  Quartetto in la min. n. 6.<\/p>\n","protected":false},"excerpt":{"rendered":"<p>Quiliano. La Stagione cameristica 2009\/2010 dell\u2019Associazione Musicale \u201cRossini\u201d \u00e8 arrivata ormai all&#8217;appuntamento con il settimo concerto che si terr\u00e0 gioved\u00ec 11 febbraio, alle ore 21, al Teatro Nuovo Valleggia, e vedr\u00e0 sul palco il Quartetto di Venezia che eseguir\u00e0 musiche di Haydn, Mendelssohn e Cherubini. Del Quartetto Bruno Giuranna dice: &#8220;E&#8217; un complesso che spicca [&hellip;]<\/p>\n","protected":false},"author":5,"featured_media":0,"comment_status":"open","ping_status":"closed","sticky":false,"template":"","format":"standard","meta":{"footnotes":""},"categories":[],"tags":[826,2649,85957],"class_list":["post-82715","post","type-post","status-publish","format-standard","hentry","tag-musica","tag-stagione-cameristica","tag-valleggia","post_cat_citta-quiliano"],"amp_validity":null,"amp_enabled":true,"_links":{"self":[{"href":"https:\/\/staging.ivg.it\/ediapi\/wp\/v2\/posts\/82715","targetHints":{"allow":["GET"]}}],"collection":[{"href":"https:\/\/staging.ivg.it\/ediapi\/wp\/v2\/posts"}],"about":[{"href":"https:\/\/staging.ivg.it\/ediapi\/wp\/v2\/types\/post"}],"author":[{"embeddable":true,"href":"https:\/\/staging.ivg.it\/ediapi\/wp\/v2\/users\/5"}],"replies":[{"embeddable":true,"href":"https:\/\/staging.ivg.it\/ediapi\/wp\/v2\/comments?post=82715"}],"version-history":[{"count":0,"href":"https:\/\/staging.ivg.it\/ediapi\/wp\/v2\/posts\/82715\/revisions"}],"wp:attachment":[{"href":"https:\/\/staging.ivg.it\/ediapi\/wp\/v2\/media?parent=82715"}],"wp:term":[{"taxonomy":"category","embeddable":true,"href":"https:\/\/staging.ivg.it\/ediapi\/wp\/v2\/categories?post=82715"},{"taxonomy":"post_tag","embeddable":true,"href":"https:\/\/staging.ivg.it\/ediapi\/wp\/v2\/tags?post=82715"}],"curies":[{"name":"wp","href":"https:\/\/api.w.org\/{rel}","templated":true}]}}