{"id":82616,"date":"2010-01-30T08:46:06","date_gmt":"2010-01-30T07:46:06","guid":{"rendered":"http:\/\/www.ivg.it\/2010\/01\/30\/carbuta-campane-zittite-precisazioni-del-sindaco-di-calice\/"},"modified":"2010-01-30T12:36:21","modified_gmt":"2010-01-30T11:36:21","slug":"carbuta-campane-zittite-precisazioni-del-sindaco-di-calice","status":"publish","type":"post","link":"https:\/\/staging.ivg.it\/2010\/01\/carbuta-campane-zittite-precisazioni-del-sindaco-di-calice\/","title":{"rendered":"Carbuta, campane zittite: precisazioni del sindaco di Calice"},"content":{"rendered":"<p><strong>Calice Ligure<\/strong>. Dopo la petizione dei cittadini, sulla questione delle campane di Carbuta interviene anche il sindaco di Calice Ligure Livio Sterla per fare alcune precisazioni. &#8220;Preciso che le campane a Carbuta sono state zittite, circa un anno fa, dall&#8217;allora responsabile della chiesa Don Caneto a seguito delle proteste di un abitante della zona&#8221; osserva il primo cittadino.<\/p>\n<p>&#8220;Da quanto mi risulta Don Caneto decise di agire cos\u00ec su consiglio del Vescovo, per evitare cause e richieste di danni alla parrocchia. Sottolineo che quanto accaduto non \u00e8 dipeso da alcuna ordinanza sindacale. Di fatto \u00e8 una questione fra privati, nella quale il sottoscritto e l&#8217;Amministrazione di Calice Ligure che rappresento, non pu\u00f2 intromettersi. Purtroppo non posso fare nulla, se non esprimere il mio profondo biasimo per l&#8217;accaduto ed auspicare il ripensamento da parte di chi, con le sue proteste, ha causato tutto ci\u00f2&#8221; conclude Livio Sterla.<\/p>\n","protected":false},"excerpt":{"rendered":"<p>Calice Ligure. Dopo la petizione dei cittadini, sulla questione delle campane di Carbuta interviene anche il sindaco di Calice Ligure Livio Sterla per fare alcune precisazioni. &#8220;Preciso che le campane a Carbuta sono state zittite, circa un anno fa, dall&#8217;allora responsabile della chiesa Don Caneto a seguito delle proteste di un abitante della zona&#8221; osserva [&hellip;]<\/p>\n","protected":false},"author":13744,"featured_media":0,"comment_status":"open","ping_status":"closed","sticky":false,"template":"","format":"standard","meta":{"footnotes":""},"categories":[34],"tags":[85887,3724,86164,1757,18238,85999],"class_list":["post-82616","post","type-post","status-publish","format-standard","hentry","category-cronaca","tag-calice-ligure","tag-campane","tag-carbuta","tag-intervento","tag-livio-sterla","tag-sindaco","post_cat_citta-calice-ligure"],"amp_validity":null,"amp_enabled":true,"_links":{"self":[{"href":"https:\/\/staging.ivg.it\/ediapi\/wp\/v2\/posts\/82616","targetHints":{"allow":["GET"]}}],"collection":[{"href":"https:\/\/staging.ivg.it\/ediapi\/wp\/v2\/posts"}],"about":[{"href":"https:\/\/staging.ivg.it\/ediapi\/wp\/v2\/types\/post"}],"author":[{"embeddable":true,"href":"https:\/\/staging.ivg.it\/ediapi\/wp\/v2\/users\/13744"}],"replies":[{"embeddable":true,"href":"https:\/\/staging.ivg.it\/ediapi\/wp\/v2\/comments?post=82616"}],"version-history":[{"count":0,"href":"https:\/\/staging.ivg.it\/ediapi\/wp\/v2\/posts\/82616\/revisions"}],"wp:attachment":[{"href":"https:\/\/staging.ivg.it\/ediapi\/wp\/v2\/media?parent=82616"}],"wp:term":[{"taxonomy":"category","embeddable":true,"href":"https:\/\/staging.ivg.it\/ediapi\/wp\/v2\/categories?post=82616"},{"taxonomy":"post_tag","embeddable":true,"href":"https:\/\/staging.ivg.it\/ediapi\/wp\/v2\/tags?post=82616"}],"curies":[{"name":"wp","href":"https:\/\/api.w.org\/{rel}","templated":true}]}}