{"id":82568,"date":"2010-01-29T10:32:43","date_gmt":"2010-01-29T09:32:43","guid":{"rendered":"http:\/\/www.ivg.it\/2010\/01\/29\/qualita-aria-lidv-contro-legambiente-fa-disinformazione\/"},"modified":"2010-01-29T13:42:35","modified_gmt":"2010-01-29T12:42:35","slug":"qualita-aria-lidv-contro-legambiente-fa-disinformazione","status":"publish","type":"post","link":"https:\/\/staging.ivg.it\/2010\/01\/qualita-aria-lidv-contro-legambiente-fa-disinformazione\/","title":{"rendered":"Qualit\u00e0 aria, l&#8217;Idv contro Legambiente: &#8220;Fa disinformazione&#8221;"},"content":{"rendered":"<p><strong>Savona<\/strong>. Anche l&#8217;Italia dei Valori critica i dati forniti da Legambiente sulla qualit\u00e0 dell&#8217;aria delle citt\u00e0 italiane e di Savona in particolare. &#8220;Eravamo in passato gi\u00e0 intervenuti per sottolineare quello che gi\u00e0 gli esperti savonesi dicono da tempo: Legambiente fa disinformazione. E come spesso accade si arriva al paradosso totale, ossia la disinformazione fa notizia, e campeggia a grandi lettere sull&#8217;informazione locale&#8221; dicono Giovanni Baglietto, Presidente Coordinamento Provinciale Idv, Marco Caviglione, Capogruppo Idv Provincia Savona e Davide Giribaldi vice-segretario regionale Idv.<\/p>\n<p>&#8220;Questo mentre ci sono persone qualificate che da anni sono voci che gridano nel deserto, e denunciano, con dati inconfutabili, che il savonese \u00e8 ormai un territorio malsano in cui l\u2019aspettativa di vita \u00e8 inferiore a quella di altre zone della Liguria stessa&#8221; aggiungono gli esponenti dell&#8217;Idv che non mancano di accusare anche l&#8217;informazione locale di dare spazio solo ai &#8220;potenti&#8221; e di avere un &#8220;approccio superficiale&#8221; a tematiche fondamentali come l\u2019ambiente.<\/p>\n<p>&#8220;I dati veri fortunatamente sono oggi reperibili sul web, almeno sino a quando non caler\u00e0, speriamo non succeda mai, il velo della censura. Chi davvero vuol sapere come stanno le cose si rivolga ai siti scientifici o ai siti dei comitati di cittadini che, come novelli Davide, cercano di opporsi a tracotanti Golia. Idv sar\u00e0 sempre al fianco di chi lotta per i propri diritti, in primis quello alla salute&#8221; aggiungono Baglietto, Caviglione e Giribaldi.<\/p>\n<p>&#8220;E&#8217; ora che si sappia che i nostri dubbi su questo movimento sono tratti da analisi assai semplici: Legambiente \u00e8 azionista di Sorgenia, padrona di Tirreno Power, pi\u00f9 la centrale di Vado si potenzia e fa utili, pi\u00f9 Legambiente pu\u00f2 agire facendo ricerche che poi pubblica con enfasi. Peccato che i dati che pubblica siano incompleti e spesso fasulli. Se Legambiente vuole tornare credibile, perch\u00e9 non propugna la trasformazione degli impianti a carbone in altri meno impattanti? Gli utili ci sarebbero comunque, anche se siamo convinti che per una associazione che si professa ambientalista il fine non dovrebbe essere il lucro ma la salute pubblica ed il rispetto dell\u2019ambiente. Dati oggettivi pubblicati ovunque dimostrano che il traffico veicolare non \u00e8 la principale causa di inquinamento di Savona&#8221; osservano ancora i mebri dell&#8217;Italia dei Valori.<\/p>\n<p>&#8220;E\u2019 la centrale che ci accorcia la vita e ci fa ammalare. Smettiamola di imbrogliare la gente! Sfidiamo Legambiente ad un confronto pubblico, con noi e con gli esperti che la smentiscono da anni. Abbia il coraggio di confrontarsi, per la sua stessa credibilit\u00e0. Sui temi ambientali i savonesi devono essere rispettati, informati correttamente e la politica deve essere al fianco di chi non merita di essere sottoposto ad un inquinamento che oggi si pu\u00f2 evitare. Idv far\u00e0 di questi temi il proprio principale motivo di impegno anche nella prossima sfida elettorale regionale. Non siamo pi\u00f9 disponibili a compromessi su temi cos\u00ec importanti, lo sappiano alleati ed avversari&#8221; concludono Giovanni Baglietto, Marco Caviglione e Davide Giribaldi.<\/p>\n","protected":false},"excerpt":{"rendered":"<p>Savona. Anche l&#8217;Italia dei Valori critica i dati forniti da Legambiente sulla qualit\u00e0 dell&#8217;aria delle citt\u00e0 italiane e di Savona in particolare. &#8220;Eravamo in passato gi\u00e0 intervenuti per sottolineare quello che gi\u00e0 gli esperti savonesi dicono da tempo: Legambiente fa disinformazione. E come spesso accade si arriva al paradosso totale, ossia la disinformazione fa notizia, [&hellip;]<\/p>\n","protected":false},"author":5,"featured_media":0,"comment_status":"open","ping_status":"closed","sticky":false,"template":"","format":"standard","meta":{"footnotes":""},"categories":[31],"tags":[2358,2444,804,85850],"class_list":["post-82568","post","type-post","status-publish","format-standard","hentry","category-politica","tag-inquinamento","tag-italia-dei-valori","tag-legambiente","tag-savona","post_cat_citta-savona"],"amp_validity":null,"amp_enabled":true,"_links":{"self":[{"href":"https:\/\/staging.ivg.it\/ediapi\/wp\/v2\/posts\/82568","targetHints":{"allow":["GET"]}}],"collection":[{"href":"https:\/\/staging.ivg.it\/ediapi\/wp\/v2\/posts"}],"about":[{"href":"https:\/\/staging.ivg.it\/ediapi\/wp\/v2\/types\/post"}],"author":[{"embeddable":true,"href":"https:\/\/staging.ivg.it\/ediapi\/wp\/v2\/users\/5"}],"replies":[{"embeddable":true,"href":"https:\/\/staging.ivg.it\/ediapi\/wp\/v2\/comments?post=82568"}],"version-history":[{"count":0,"href":"https:\/\/staging.ivg.it\/ediapi\/wp\/v2\/posts\/82568\/revisions"}],"wp:attachment":[{"href":"https:\/\/staging.ivg.it\/ediapi\/wp\/v2\/media?parent=82568"}],"wp:term":[{"taxonomy":"category","embeddable":true,"href":"https:\/\/staging.ivg.it\/ediapi\/wp\/v2\/categories?post=82568"},{"taxonomy":"post_tag","embeddable":true,"href":"https:\/\/staging.ivg.it\/ediapi\/wp\/v2\/tags?post=82568"}],"curies":[{"name":"wp","href":"https:\/\/api.w.org\/{rel}","templated":true}]}}