{"id":82557,"date":"2010-01-29T08:05:54","date_gmt":"2010-01-29T07:05:54","guid":{"rendered":"http:\/\/www.ivg.it\/2010\/01\/29\/don-lu-oggi-lincidente-probatorio-in-procura\/"},"modified":"2010-01-29T08:05:54","modified_gmt":"2010-01-29T07:05:54","slug":"don-lu-oggi-lincidente-probatorio-in-procura","status":"publish","type":"post","link":"https:\/\/staging.ivg.it\/2010\/01\/don-lu-oggi-lincidente-probatorio-in-procura\/","title":{"rendered":"Don &#8220;Lu&#8221;, oggi l&#8217;incidente probatorio in Procura"},"content":{"rendered":"<p><strong>Savona<\/strong>. L&#8217;indagine su Don Luciano Massaferro, il parroco alassino accusato di violenza sessuale su una dodicenne, potrebbe oggi aggiungere un &#8220;tassello&#8221; importante. Secondo quanto trapelato infatti oggi dovrebbe svolgersi in Procura l&#8217;incidente probatorio. La psicologa nominata dal gip Emilio Fois incontrer\u00e0 la bambina che ha accusato il sacerdote di Alassio.<\/p>\n<p>La Procura in proposito mantiene comunque il massimo riserbo tanto che non conferma nemmeno che l&#8217;incidente probatorio si svolger\u00e0 nella giornata odierna. Anche la difesa in proposito tace, anche se un consulente da loro nominato potr\u00e0 partecipare all&#8217;incontro (senza per\u00f2 avere contatti con la bimba come previsto dal codice).<\/p>\n<p>Nel frattempo il vescovo Olivieri e il padre di Don Luciano attendono che la Procura li autorizzi a visitare il parroco in carcere. Autorizzazione che dovrebbe arrivare in queste ore.<\/p>\n","protected":false},"excerpt":{"rendered":"<p>Savona. L&#8217;indagine su Don Luciano Massaferro, il parroco alassino accusato di violenza sessuale su una dodicenne, potrebbe oggi aggiungere un &#8220;tassello&#8221; importante. Secondo quanto trapelato infatti oggi dovrebbe svolgersi in Procura l&#8217;incidente probatorio. La psicologa nominata dal gip Emilio Fois incontrer\u00e0 la bambina che ha accusato il sacerdote di Alassio. La Procura in proposito mantiene [&hellip;]<\/p>\n","protected":false},"author":13744,"featured_media":0,"comment_status":"open","ping_status":"closed","sticky":false,"template":"","format":"standard","meta":{"footnotes":""},"categories":[34],"tags":[3880,16627,17331,2860,3358,15286],"class_list":["post-82557","post","type-post","status-publish","format-standard","hentry","category-cronaca","tag-bambina","tag-don-luciano-massaferro","tag-incidente-probatorio","tag-incontro","tag-procura","tag-psicologa","post_cat_citta-alassio","post_cat_citta-savona"],"amp_validity":null,"amp_enabled":true,"_links":{"self":[{"href":"https:\/\/staging.ivg.it\/ediapi\/wp\/v2\/posts\/82557","targetHints":{"allow":["GET"]}}],"collection":[{"href":"https:\/\/staging.ivg.it\/ediapi\/wp\/v2\/posts"}],"about":[{"href":"https:\/\/staging.ivg.it\/ediapi\/wp\/v2\/types\/post"}],"author":[{"embeddable":true,"href":"https:\/\/staging.ivg.it\/ediapi\/wp\/v2\/users\/13744"}],"replies":[{"embeddable":true,"href":"https:\/\/staging.ivg.it\/ediapi\/wp\/v2\/comments?post=82557"}],"version-history":[{"count":0,"href":"https:\/\/staging.ivg.it\/ediapi\/wp\/v2\/posts\/82557\/revisions"}],"wp:attachment":[{"href":"https:\/\/staging.ivg.it\/ediapi\/wp\/v2\/media?parent=82557"}],"wp:term":[{"taxonomy":"category","embeddable":true,"href":"https:\/\/staging.ivg.it\/ediapi\/wp\/v2\/categories?post=82557"},{"taxonomy":"post_tag","embeddable":true,"href":"https:\/\/staging.ivg.it\/ediapi\/wp\/v2\/tags?post=82557"}],"curies":[{"name":"wp","href":"https:\/\/api.w.org\/{rel}","templated":true}]}}