{"id":82494,"date":"2010-01-27T18:51:38","date_gmt":"2010-01-27T17:51:38","guid":{"rendered":"http:\/\/www.ivg.it\/2010\/01\/27\/vigili-del-fuoco-altri-interventi-per-il-forte-vento\/"},"modified":"2010-01-27T18:51:38","modified_gmt":"2010-01-27T17:51:38","slug":"vigili-del-fuoco-altri-interventi-per-il-forte-vento","status":"publish","type":"post","link":"https:\/\/staging.ivg.it\/2010\/01\/vigili-del-fuoco-altri-interventi-per-il-forte-vento\/","title":{"rendered":"Vigili del Fuoco: altri interventi per il forte vento"},"content":{"rendered":"<p><strong>Savona.<\/strong> Sono stati in tutto una ventina gli interventi da parte dei distaccamenti provinciali dei vigili del fuoco per il forte vento che ha interessato varie localit\u00e0 della Provincia.<\/p>\n<p>Dopo l&#8217;intervento di questa mattina a Savona in via Migliardi e Ven\u00e8 dopo un albero si \u00e8 abbattuto all&#8217;interno del cortile dell&#8217;Istituto Astengo, i pompieri hanno proseguito nel lavoro di messa in sicurezza di vetri e tegole e rami pericolanti. Le localit\u00e0 pi\u00f9 interessate Savona, Cairo, Varazze e Alassio.<\/p>\n","protected":false},"excerpt":{"rendered":"<p>Savona. Sono stati in tutto una ventina gli interventi da parte dei distaccamenti provinciali dei vigili del fuoco per il forte vento che ha interessato varie localit\u00e0 della Provincia. Dopo l&#8217;intervento di questa mattina a Savona in via Migliardi e Ven\u00e8 dopo un albero si \u00e8 abbattuto all&#8217;interno del cortile dell&#8217;Istituto Astengo, i pompieri hanno [&hellip;]<\/p>\n","protected":false},"author":4,"featured_media":0,"comment_status":"open","ping_status":"closed","sticky":false,"template":"","format":"standard","meta":{"footnotes":""},"categories":[34],"tags":[151,3180,1757,509,2616,1658,3900,85850,183,85868,1303],"class_list":["post-82494","post","type-post","status-publish","format-standard","hentry","category-cronaca","tag-cairo","tag-interventi","tag-intervento","tag-lavoro","tag-locali","tag-messa","tag-provinciali","tag-savona","tag-sicurezza","tag-varazze","tag-vigili","post_cat_citta-alassio","post_cat_citta-andora","post_cat_citta-cairo-montenotte","post_cat_citta-savona","post_cat_citta-varazze"],"amp_validity":null,"amp_enabled":true,"_links":{"self":[{"href":"https:\/\/staging.ivg.it\/ediapi\/wp\/v2\/posts\/82494","targetHints":{"allow":["GET"]}}],"collection":[{"href":"https:\/\/staging.ivg.it\/ediapi\/wp\/v2\/posts"}],"about":[{"href":"https:\/\/staging.ivg.it\/ediapi\/wp\/v2\/types\/post"}],"author":[{"embeddable":true,"href":"https:\/\/staging.ivg.it\/ediapi\/wp\/v2\/users\/4"}],"replies":[{"embeddable":true,"href":"https:\/\/staging.ivg.it\/ediapi\/wp\/v2\/comments?post=82494"}],"version-history":[{"count":0,"href":"https:\/\/staging.ivg.it\/ediapi\/wp\/v2\/posts\/82494\/revisions"}],"wp:attachment":[{"href":"https:\/\/staging.ivg.it\/ediapi\/wp\/v2\/media?parent=82494"}],"wp:term":[{"taxonomy":"category","embeddable":true,"href":"https:\/\/staging.ivg.it\/ediapi\/wp\/v2\/categories?post=82494"},{"taxonomy":"post_tag","embeddable":true,"href":"https:\/\/staging.ivg.it\/ediapi\/wp\/v2\/tags?post=82494"}],"curies":[{"name":"wp","href":"https:\/\/api.w.org\/{rel}","templated":true}]}}