{"id":82232,"date":"2010-01-22T15:35:22","date_gmt":"2010-01-22T14:35:22","guid":{"rendered":"http:\/\/www.ivg.it\/2010\/01\/22\/pensioni-cgil-liguria-attacca-linps\/"},"modified":"2010-01-22T15:35:22","modified_gmt":"2010-01-22T14:35:22","slug":"pensioni-cgil-liguria-attacca-linps","status":"publish","type":"post","link":"https:\/\/staging.ivg.it\/2010\/01\/pensioni-cgil-liguria-attacca-linps\/","title":{"rendered":"Pensioni, Cgil Liguria attacca l&#8217;Inps"},"content":{"rendered":"<p><strong>Regione<\/strong>. Il sindacato pensionati Cgil di Genova e della Liguria, dopo l&#8217;intervento nel mese di ottobre 2009, torna a denunciare il taglio operato dall&#8217;Inps sulle pensioni, a seguito dell&#8217;introduzione della nuova disciplina che prevede l&#8217;obbligo di comunicazione agli enti previdenziali dei dati relativi ai carichi familiari. &#8220;La nostra organizzazione &#8211; dichiara la Cgil Liguria &#8211; \u00e8 anche intervenuta per rassicurare i pensionati, a seguito di interventi operati sull&#8217;Inps nazionale, in relazione alle modalit\u00e0 ed ai tempi di restituzione delle quote impropriamente trattenute&#8221;.<\/p>\n<p>&#8220;L&#8217;Inps, il pi\u00f9 grande ed importante ente previdenziale &#8211; prosegue Cgil Liguria &#8211; ci risulta sia stato l&#8217;unico ad operare con  modalit\u00e0 che indubbiamente hanno creato non poche difficolt\u00e0 agli utenti. I tagli operati sulle pensioni, soprattutto in un momento di crisi come l&#8217;attuale, hanno contribuito ad aggravare le gi\u00e0 precarie condizioni economiche di una gran parte dei pensionati&#8221;.<\/p>\n<p>&#8220;Contrariamente a quanto affermato dall&#8217;Inps &#8211; attacca il sindacato pensionati Cgil -, la responsabilit\u00e0 dei tagli non pu\u00f2 essere fatta in alcun modo ricadere sui Centri di Assistenza Fiscale, almeno per quanto riguarda la Cgil, bens\u00ec esclusivamente sull&#8217;Istituto di previdenza, in quanto lo stesso ha proceduto anticipando i termini precedentemente fissati, per operare le ritenute dei presunti indebiti&#8221;.<\/p>\n<p>&#8220;E&#8217; nostro costume rispettare le leggi &#8211; prosegue &#8211; ed \u00e8 nostra convinzione che le norme vadano attuate. Non vi \u00e8 dubbio che al mondo esistano i &#8216;furbi&#8217;, ma sinceramente la platea della quale stiamo parlando \u00e8 per lo pi\u00f9 composta da persone molto anziane, talvolta in precarie condizioni di salute, rispetto alle quali sarebbe opportuno agire con maggior attenzione e delicatezza&#8221;.<\/p>\n<p>&#8220;Prendiamo tuttavia atto &#8211; continua Cgil Ligura -, che al fine di evitare incresciosi incidenti di percorso, l&#8217;Inps regionale ha concordato con l&#8217;Agenzia delle Entrate una modalit\u00e0 di collegamento informatico tra i due enti che dovrebbe esimere i singoli dalla comunicazione dei propri dati. Ci\u00f2 rappresenta certamente un fatto positivo e ci auguriamo, anche utile ad evitare casi incresciosi&#8221;.<\/p>\n<p>&#8220;In ultimo &#8211; conclude &#8211; vogliamo rassicurare i pensionati che sono stati ingiustamente coinvolti in tale vicenda, che per tutti coloro che avessero trasmesso le dichiarazioni per fruire delle detrazioni familiari, entro la fine di dicembre dello scorso anno, la restituzione di quanto impropriamente trattenuto dovrebbe essere operata a breve e a tale proposito invitiamo l\u2019Inps a voler comunicare al pi\u00f9 presto ai propri utenti tempi certi. Coloro che ancora non avessero proceduto alla presentazione delle dichiarazioni potranno comunque farlo in sede di prossima dichiarazione dei redditi. In ogni caso invitiamo tutti i pensionati che si trovassero in difficolt\u00e0 a rivolgersi presso le nostre leghe territoriali&#8221;.<\/p>\n","protected":false},"excerpt":{"rendered":"<p>Regione. Il sindacato pensionati Cgil di Genova e della Liguria, dopo l&#8217;intervento nel mese di ottobre 2009, torna a denunciare il taglio operato dall&#8217;Inps sulle pensioni, a seguito dell&#8217;introduzione della nuova disciplina che prevede l&#8217;obbligo di comunicazione agli enti previdenziali dei dati relativi ai carichi familiari. &#8220;La nostra organizzazione &#8211; dichiara la Cgil Liguria &#8211; [&hellip;]<\/p>\n","protected":false},"author":5,"featured_media":0,"comment_status":"open","ping_status":"closed","sticky":false,"template":"","format":"standard","meta":{"footnotes":""},"categories":[35],"tags":[507,3016,2970,3180,393,17742,870,3083,1466],"class_list":["post-82232","post","type-post","status-publish","format-standard","hentry","category-economia","tag-cgil","tag-enti","tag-inps","tag-interventi","tag-liguria","tag-obbligo","tag-pensionati","tag-pensioni","tag-tagli","post_cat_citta-andora"],"amp_validity":null,"amp_enabled":true,"_links":{"self":[{"href":"https:\/\/staging.ivg.it\/ediapi\/wp\/v2\/posts\/82232","targetHints":{"allow":["GET"]}}],"collection":[{"href":"https:\/\/staging.ivg.it\/ediapi\/wp\/v2\/posts"}],"about":[{"href":"https:\/\/staging.ivg.it\/ediapi\/wp\/v2\/types\/post"}],"author":[{"embeddable":true,"href":"https:\/\/staging.ivg.it\/ediapi\/wp\/v2\/users\/5"}],"replies":[{"embeddable":true,"href":"https:\/\/staging.ivg.it\/ediapi\/wp\/v2\/comments?post=82232"}],"version-history":[{"count":0,"href":"https:\/\/staging.ivg.it\/ediapi\/wp\/v2\/posts\/82232\/revisions"}],"wp:attachment":[{"href":"https:\/\/staging.ivg.it\/ediapi\/wp\/v2\/media?parent=82232"}],"wp:term":[{"taxonomy":"category","embeddable":true,"href":"https:\/\/staging.ivg.it\/ediapi\/wp\/v2\/categories?post=82232"},{"taxonomy":"post_tag","embeddable":true,"href":"https:\/\/staging.ivg.it\/ediapi\/wp\/v2\/tags?post=82232"}],"curies":[{"name":"wp","href":"https:\/\/api.w.org\/{rel}","templated":true}]}}