{"id":82217,"date":"2010-01-22T13:20:09","date_gmt":"2010-01-22T12:20:09","guid":{"rendered":"http:\/\/www.ivg.it\/2010\/01\/22\/albenga-in-biblioteca-giornata-di-studio-sul-poeta-aldo-g-b-rossi\/"},"modified":"2010-01-22T13:20:09","modified_gmt":"2010-01-22T12:20:09","slug":"albenga-in-biblioteca-giornata-di-studio-sul-poeta-aldo-g-b-rossi","status":"publish","type":"post","link":"https:\/\/staging.ivg.it\/2010\/01\/albenga-in-biblioteca-giornata-di-studio-sul-poeta-aldo-g-b-rossi\/","title":{"rendered":"Albenga: in biblioteca giornata di studio sul poeta Aldo G.B. Rossi"},"content":{"rendered":"<p><strong>Albenga<\/strong>. Domani, alle ore 17, presso la Biblioteca Civica Comunale \u00e8 prevista una giornata di studio su Aldo G. B. Rossi, organizzata in collaborazione con l&#8217;Universit\u00e0 degli Studi di Genova.<\/p>\n<p>L&#8217;iniziativa \u00e8 articolata COS\u00ec: Relazione di Roberto Trovato (universit\u00e0 degli Studi di Genova) SU &#8220;La poesia di Aldo G. B. Rossi da \u00c9mmaus a Radure di mare. Poesie liguri&#8221; (De Ferrari Editore);seguiranno gli interventi di Liliana Porro Andriuoli (&#8220;La luce di \u00c9mmaus nel percorso poetico di Aldo G.B. Rossi&#8221;), Olga Rossi Cassottana, figlia del poeta (&#8220;Da Il fiore dell&#8217;Agave a Radure di mare, squarci di Liguria&#8221;).<\/p>\n<p>Modera Patrizia Valdiserra, direttore della biblioteca.<\/p>\n","protected":false},"excerpt":{"rendered":"<p>Albenga. Domani, alle ore 17, presso la Biblioteca Civica Comunale \u00e8 prevista una giornata di studio su Aldo G. B. Rossi, organizzata in collaborazione con l&#8217;Universit\u00e0 degli Studi di Genova. L&#8217;iniziativa \u00e8 articolata COS\u00ec: Relazione di Roberto Trovato (universit\u00e0 degli Studi di Genova) SU &#8220;La poesia di Aldo G. B. Rossi da \u00c9mmaus a Radure [&hellip;]<\/p>\n","protected":false},"author":13744,"featured_media":0,"comment_status":"open","ping_status":"closed","sticky":false,"template":"","format":"standard","meta":{"footnotes":""},"categories":[34],"tags":[85841,288,4973,4972,3458],"class_list":["post-82217","post","type-post","status-publish","format-standard","hentry","category-cronaca","tag-albenga","tag-biblioteca","tag-giornata","tag-poeta","tag-studio","post_cat_citta-albenga"],"amp_validity":null,"amp_enabled":true,"_links":{"self":[{"href":"https:\/\/staging.ivg.it\/ediapi\/wp\/v2\/posts\/82217","targetHints":{"allow":["GET"]}}],"collection":[{"href":"https:\/\/staging.ivg.it\/ediapi\/wp\/v2\/posts"}],"about":[{"href":"https:\/\/staging.ivg.it\/ediapi\/wp\/v2\/types\/post"}],"author":[{"embeddable":true,"href":"https:\/\/staging.ivg.it\/ediapi\/wp\/v2\/users\/13744"}],"replies":[{"embeddable":true,"href":"https:\/\/staging.ivg.it\/ediapi\/wp\/v2\/comments?post=82217"}],"version-history":[{"count":0,"href":"https:\/\/staging.ivg.it\/ediapi\/wp\/v2\/posts\/82217\/revisions"}],"wp:attachment":[{"href":"https:\/\/staging.ivg.it\/ediapi\/wp\/v2\/media?parent=82217"}],"wp:term":[{"taxonomy":"category","embeddable":true,"href":"https:\/\/staging.ivg.it\/ediapi\/wp\/v2\/categories?post=82217"},{"taxonomy":"post_tag","embeddable":true,"href":"https:\/\/staging.ivg.it\/ediapi\/wp\/v2\/tags?post=82217"}],"curies":[{"name":"wp","href":"https:\/\/api.w.org\/{rel}","templated":true}]}}