{"id":82208,"date":"2010-01-22T11:16:33","date_gmt":"2010-01-22T10:16:33","guid":{"rendered":"http:\/\/www.ivg.it\/2010\/01\/22\/albenga-visita-di-tammaro-ex-comandante-delle-frecce-tricolore\/"},"modified":"2010-01-22T15:48:34","modified_gmt":"2010-01-22T14:48:34","slug":"albenga-visita-di-tammaro-ex-comandante-delle-frecce-tricolore","status":"publish","type":"post","link":"https:\/\/staging.ivg.it\/2010\/01\/albenga-visita-di-tammaro-ex-comandante-delle-frecce-tricolore\/","title":{"rendered":"Albenga: visita di Tammaro, ex Comandante delle Frecce Tricolore"},"content":{"rendered":"<p><strong>Albenga<\/strong>. Domani il Tenente Colonnello Massimo Tammaro, indimenticabile Comandante delle Frecce Tricolori, sar\u00e0 in visita ufficiale ad Albenga, citt\u00e0 alla quale \u00e8 molto legato.<\/p>\n<p>Il programma prevede alle ore 17,00 l&#8217;incontro con il sindaco Antonello Tabb\u00f2 e successivamente la visita alla mostra Magiche Trasparenze e al celebre Piatto Blu a Palazzo Oddo. Quindi una tappa, ormai d&#8217;obbligo per i personaggi che visitano il centro storico ingauno, nella cantina-covo dei &#8220;Fieui di caruggi&#8221; in Vico del Collegio, con foto davanti alla piastrella precedentemente autografata dal Comandante Tammaro e collocata sul muro delle &#8220;ciapellette&#8221; famose.<\/p>\n<p>Si passer\u00e0 quindi nel frantoio della famiglia Sommariva per una visita in anteprima del Museo dell&#8217;Olivo, seguita da una degustazione di prodotti liguri. Parteciperanno all&#8217;incontro il Comandante Mauro Zunino ed il Consigliere Regionale Angelo Barbero, padre del tenente Filippo Barbero, il primo albenganese entrato a fare parte, proprio da quest&#8217;anno, della\u00a0 mitica PAN,la pattuglia acrobatica nazionale.<\/p>\n","protected":false},"excerpt":{"rendered":"<p>Albenga. Domani il Tenente Colonnello Massimo Tammaro, indimenticabile Comandante delle Frecce Tricolori, sar\u00e0 in visita ufficiale ad Albenga, citt\u00e0 alla quale \u00e8 molto legato. Il programma prevede alle ore 17,00 l&#8217;incontro con il sindaco Antonello Tabb\u00f2 e successivamente la visita alla mostra Magiche Trasparenze e al celebre Piatto Blu a Palazzo Oddo. Quindi una tappa, [&hellip;]<\/p>\n","protected":false},"author":13744,"featured_media":0,"comment_status":"open","ping_status":"closed","sticky":false,"template":"","format":"standard","meta":{"footnotes":""},"categories":[],"tags":[2809,558,12716,12830,846,17699,389,85999,6415,2962],"class_list":["post-82208","post","type-post","status-publish","format-standard","hentry","tag-angelo-barbero","tag-antonello-tabbo","tag-fieui-di-caruggi","tag-magiche-trasparenze","tag-massimo-tammaro","tag-mauro-zunino","tag-mostre-darte","tag-sindaco","tag-sommariva","tag-visita","post_cat_citta-albenga"],"amp_validity":null,"amp_enabled":true,"_links":{"self":[{"href":"https:\/\/staging.ivg.it\/ediapi\/wp\/v2\/posts\/82208","targetHints":{"allow":["GET"]}}],"collection":[{"href":"https:\/\/staging.ivg.it\/ediapi\/wp\/v2\/posts"}],"about":[{"href":"https:\/\/staging.ivg.it\/ediapi\/wp\/v2\/types\/post"}],"author":[{"embeddable":true,"href":"https:\/\/staging.ivg.it\/ediapi\/wp\/v2\/users\/13744"}],"replies":[{"embeddable":true,"href":"https:\/\/staging.ivg.it\/ediapi\/wp\/v2\/comments?post=82208"}],"version-history":[{"count":0,"href":"https:\/\/staging.ivg.it\/ediapi\/wp\/v2\/posts\/82208\/revisions"}],"wp:attachment":[{"href":"https:\/\/staging.ivg.it\/ediapi\/wp\/v2\/media?parent=82208"}],"wp:term":[{"taxonomy":"category","embeddable":true,"href":"https:\/\/staging.ivg.it\/ediapi\/wp\/v2\/categories?post=82208"},{"taxonomy":"post_tag","embeddable":true,"href":"https:\/\/staging.ivg.it\/ediapi\/wp\/v2\/tags?post=82208"}],"curies":[{"name":"wp","href":"https:\/\/api.w.org\/{rel}","templated":true}]}}