{"id":82019,"date":"2010-01-18T18:49:35","date_gmt":"2010-01-18T17:49:35","guid":{"rendered":"http:\/\/www.ivg.it\/2010\/01\/18\/consiglio-provinciale-vaccarezza-non-ho-motivo-di-dimettermi\/"},"modified":"2010-01-18T20:01:55","modified_gmt":"2010-01-18T19:01:55","slug":"consiglio-provinciale-vaccarezza-non-ho-motivo-di-dimettermi","status":"publish","type":"post","link":"https:\/\/staging.ivg.it\/2010\/01\/consiglio-provinciale-vaccarezza-non-ho-motivo-di-dimettermi\/","title":{"rendered":"Consiglio provinciale, Vaccarezza: &#8220;Non ho motivo di dimettermi&#8221;"},"content":{"rendered":"<p><strong>Savona<\/strong>. Il presidente della Provincia di Savona, Angelo Vaccarezza, al termine dell&#8217;odierno Consiglio, spiega la sua scelta di restare in carica. &#8220;C&#8217;\u00e8 chi chiede perch\u00e9 non mi sono dimesso &#8211; afferma Vaccarezza -, ma in realt\u00e0 la domanda dovrebbe essere: perch\u00e9 mi sarei dovuto dimettere?&#8221;.<\/p>\n<p>&#8220;Da tempo &#8211; dichiara &#8211; avevo riflettuto sul fatto che se la vicenda del Tar fosse stata ancora rinviata avrei preso in esame la possibilit\u00e0 di dimettermi per mandare la Provincia al voto e darle una guida definitiva e sicura. Cos\u00ec non \u00e8 stato e il ricorso in sostegno del Pcl ha finito il suo corso. Pertanto non ci sono pi\u00f9 motivazioni plausibili per doversi dimettere. Continuiamo a lavorare e credo che questa vicenda abbia in qualche modo rinforzato il rapporto con il nostro elettorato&#8221;.<\/p>\n<p>Riguardo alla scelta di minoranza di abbandonare l&#8217;aula, Vaccarezza commenta: &#8220;L&#8217;uscita dall&#8217;aula dell&#8217;opposizione la considero una loro grave sconfitta. E&#8217; una scelta di chi da sei mesi non fa opposizione. Io non ho deciso di non farli parlare: la fase di comunicazione iniziale l&#8217;hanno utilizzata per dire altre cose. Ricordo loro che c&#8217;era la possibilit\u00e0 di presentare una mozione, un ordine del giorno. Quando si ha la coscienza poco pulita si tende a sottrarsi dal confronto&#8221;.<\/p>\n","protected":false},"excerpt":{"rendered":"<p>Savona. Il presidente della Provincia di Savona, Angelo Vaccarezza, al termine dell&#8217;odierno Consiglio, spiega la sua scelta di restare in carica. &#8220;C&#8217;\u00e8 chi chiede perch\u00e9 non mi sono dimesso &#8211; afferma Vaccarezza -, ma in realt\u00e0 la domanda dovrebbe essere: perch\u00e9 mi sarei dovuto dimettere?&#8221;. &#8220;Da tempo &#8211; dichiara &#8211; avevo riflettuto sul fatto che [&hellip;]<\/p>\n","protected":false},"author":5,"featured_media":0,"comment_status":"open","ping_status":"closed","sticky":false,"template":"","format":"standard","meta":{"footnotes":""},"categories":[31],"tags":[2317,6685,1469,86079,197,216,85850,4886,524],"class_list":["post-82019","post","type-post","status-publish","format-standard","hentry","category-politica","tag-angelo-vaccarezza","tag-aula","tag-dimissioni","tag-palazzo-nervi","tag-pd","tag-pdl","tag-savona","tag-tar","tag-udc","post_cat_citta-andora","post_cat_citta-savona"],"amp_validity":null,"amp_enabled":true,"_links":{"self":[{"href":"https:\/\/staging.ivg.it\/ediapi\/wp\/v2\/posts\/82019","targetHints":{"allow":["GET"]}}],"collection":[{"href":"https:\/\/staging.ivg.it\/ediapi\/wp\/v2\/posts"}],"about":[{"href":"https:\/\/staging.ivg.it\/ediapi\/wp\/v2\/types\/post"}],"author":[{"embeddable":true,"href":"https:\/\/staging.ivg.it\/ediapi\/wp\/v2\/users\/5"}],"replies":[{"embeddable":true,"href":"https:\/\/staging.ivg.it\/ediapi\/wp\/v2\/comments?post=82019"}],"version-history":[{"count":0,"href":"https:\/\/staging.ivg.it\/ediapi\/wp\/v2\/posts\/82019\/revisions"}],"wp:attachment":[{"href":"https:\/\/staging.ivg.it\/ediapi\/wp\/v2\/media?parent=82019"}],"wp:term":[{"taxonomy":"category","embeddable":true,"href":"https:\/\/staging.ivg.it\/ediapi\/wp\/v2\/categories?post=82019"},{"taxonomy":"post_tag","embeddable":true,"href":"https:\/\/staging.ivg.it\/ediapi\/wp\/v2\/tags?post=82019"}],"curies":[{"name":"wp","href":"https:\/\/api.w.org\/{rel}","templated":true}]}}