{"id":82005,"date":"2010-01-18T16:20:40","date_gmt":"2010-01-18T15:20:40","guid":{"rendered":"http:\/\/www.ivg.it\/2010\/01\/18\/banca-etica-per-la-liguria-incontro-pubblico-a-savona\/"},"modified":"2010-01-19T08:20:38","modified_gmt":"2010-01-19T07:20:38","slug":"banca-etica-per-la-liguria-incontro-pubblico-a-savona","status":"publish","type":"post","link":"https:\/\/staging.ivg.it\/2010\/01\/banca-etica-per-la-liguria-incontro-pubblico-a-savona\/","title":{"rendered":"Banca Etica per la Liguria: incontro pubblico a Savona"},"content":{"rendered":"<p><strong>Savona<\/strong>. &#8220;Banca Etica. Un seme per l\u2019Ambiente&#8221; \u00e8 il tema dell&#8217;incontro pubblico che si terr\u00e0 sabato 30 gennaio alle ore 9,30 a Savona, in relazione all&#8217;inaugurazione della nuova filiale di Banca Etica per la Liguria che avverr\u00e0 nel pomeriggio a Genova.<\/p>\n<p>&#8220;In considerazione delle attuali insostenibilit\u00e0 ambientali e sociali del settore energetico &#8211; spiegano i promotori -, nonch\u00e9 delle recenti e numerose opportunit\u00e0 legislative e di mercato, le iniziative nel settore ambientale impongono una scelta precisa: orientare gli investimenti e la ricerca privilegiando il risparmio energetico, l\u2019innovativit\u00e0, le ricadute sociali, la creazione di partnership e la nascita di filiere locali&#8221;.<\/p>\n<p>Al termine avr\u00e0 luogo un piccolo rinfresco con prodotti biologici ed equosolidali. Iniziative simili si terranno lo stesso giorno a La Spezia e domenica 31 a Ventimiglia, mentre l&#8217;inaugurazione della filiale in via San Vincenzo 34 r a Genova avverr\u00e0 alle ore 15,15 di sabato.<\/p>\n","protected":false},"excerpt":{"rendered":"<p>Savona. &#8220;Banca Etica. Un seme per l\u2019Ambiente&#8221; \u00e8 il tema dell&#8217;incontro pubblico che si terr\u00e0 sabato 30 gennaio alle ore 9,30 a Savona, in relazione all&#8217;inaugurazione della nuova filiale di Banca Etica per la Liguria che avverr\u00e0 nel pomeriggio a Genova. &#8220;In considerazione delle attuali insostenibilit\u00e0 ambientali e sociali del settore energetico &#8211; spiegano i [&hellip;]<\/p>\n","protected":false},"author":13744,"featured_media":0,"comment_status":"open","ping_status":"closed","sticky":false,"template":"","format":"standard","meta":{"footnotes":""},"categories":[],"tags":[4021,8696,737,200,393,15891,14208,17463,85850,14135],"class_list":["post-82005","post","type-post","status-publish","format-standard","hentry","tag-banca-etica","tag-denaro","tag-genova","tag-inaugurazione","tag-liguria","tag-opportunita","tag-rinfresco","tag-risparmi","tag-savona","tag-soldi","post_cat_citta-savona"],"amp_validity":null,"amp_enabled":true,"_links":{"self":[{"href":"https:\/\/staging.ivg.it\/ediapi\/wp\/v2\/posts\/82005","targetHints":{"allow":["GET"]}}],"collection":[{"href":"https:\/\/staging.ivg.it\/ediapi\/wp\/v2\/posts"}],"about":[{"href":"https:\/\/staging.ivg.it\/ediapi\/wp\/v2\/types\/post"}],"author":[{"embeddable":true,"href":"https:\/\/staging.ivg.it\/ediapi\/wp\/v2\/users\/13744"}],"replies":[{"embeddable":true,"href":"https:\/\/staging.ivg.it\/ediapi\/wp\/v2\/comments?post=82005"}],"version-history":[{"count":0,"href":"https:\/\/staging.ivg.it\/ediapi\/wp\/v2\/posts\/82005\/revisions"}],"wp:attachment":[{"href":"https:\/\/staging.ivg.it\/ediapi\/wp\/v2\/media?parent=82005"}],"wp:term":[{"taxonomy":"category","embeddable":true,"href":"https:\/\/staging.ivg.it\/ediapi\/wp\/v2\/categories?post=82005"},{"taxonomy":"post_tag","embeddable":true,"href":"https:\/\/staging.ivg.it\/ediapi\/wp\/v2\/tags?post=82005"}],"curies":[{"name":"wp","href":"https:\/\/api.w.org\/{rel}","templated":true}]}}