{"id":82004,"date":"2010-01-18T16:15:00","date_gmt":"2010-01-18T15:15:00","guid":{"rendered":"http:\/\/www.ivg.it\/2010\/01\/18\/albenga-deceduto-il-professor-franco-briozzo\/"},"modified":"2010-01-18T16:16:09","modified_gmt":"2010-01-18T15:16:09","slug":"albenga-deceduto-il-professor-franco-briozzo","status":"publish","type":"post","link":"https:\/\/staging.ivg.it\/2010\/01\/albenga-deceduto-il-professor-franco-briozzo\/","title":{"rendered":"Albenga, deceduto il professor Franco Briozzo"},"content":{"rendered":"<p><strong>Albenga<\/strong>. Il mondo della scuola del comprensorio ingauno \u00e8 in lutto per la morte, avvenuta ieri pomeriggio al Santa Corona di Pietra Ligure, del professor Franco Briozzo, 61 anni, ex docente e vice preside dell\u2019Itis di Campochiesa.<\/p>\n<p>Insegnante tecnico pratico di chimica ed educatore molto impegnato, era molto stimato ed apprezzato da colleghi, alunni, presidi e genitori in particolare per la sua umanit\u00e0. In pensione dal 2000 fu per tanti anni una delle colonne del &#8220;Ferrini&#8221; e poi dell\u2019Itis. &#8220;Chi diceva Briozzo diceva Ferrini &#8211; afferma Ermanno Carabba, per molti anni vice preside dell\u2019Itis di Campochiesa -. Franco era stato allievo di don Lasagna, il sacerdote che cre\u00f2 la celebre scuola tecnica ed il professor Briozzo rimase per sempre in quella scuola passando da studente a professore e diventandone anche, per qualche anno, vice preside. Era un valido docente ed una persona molto disponibile e di grande intelligenza&#8221;.<\/p>\n<p>&#8220;Una cara persona e soprattutto un grande amico &#8211; dichiara Euro Bruno &#8211; che negli anni dal 1973 al 1984 fece parte del direttivo del Psi e che collabor\u00f2 attivamente con me, Mauro Testa, Mario De Rizzo, Vito Piccolo e Cristiano Campana&#8221;.<\/p>\n<p>All\u2019Itis insieme ai colleghi Carabba, Dolla, Parodi, Selvatico, Geddo e Sardo fu sempre impegnato per il bene della scuola e con coraggio, in pi\u00f9 di una circostanza, si schier\u00f2 con gli studenti per chiedere maggiori servizi e pi\u00f9 rispetto per questa scuola tecnica che, per diversi anni, venne considerata la migliore del Nord Italia.<\/p>\n<p>I funerali del professor Briozzo, che lascia la mamma novantenne Pina, la moglie Daniela ed il figlio Andrea, si svolgeranno domani mattina alle ore 10 in Cattedrale, ad Albenga.<\/p>\n","protected":false},"excerpt":{"rendered":"<p>Albenga. Il mondo della scuola del comprensorio ingauno \u00e8 in lutto per la morte, avvenuta ieri pomeriggio al Santa Corona di Pietra Ligure, del professor Franco Briozzo, 61 anni, ex docente e vice preside dell\u2019Itis di Campochiesa. Insegnante tecnico pratico di chimica ed educatore molto impegnato, era molto stimato ed apprezzato da colleghi, alunni, presidi [&hellip;]<\/p>\n","protected":false},"author":13744,"featured_media":0,"comment_status":"open","ping_status":"closed","sticky":false,"template":"","format":"standard","meta":{"footnotes":""},"categories":[34],"tags":[85841,86062,5389,1118,1220,10641,302,199],"class_list":["post-82004","post","type-post","status-publish","format-standard","hentry","category-cronaca","tag-albenga","tag-campochiesa","tag-decesso","tag-itis","tag-lutto","tag-sacerdote","tag-santa-corona","tag-scuola","post_cat_citta-albenga"],"amp_validity":null,"amp_enabled":true,"_links":{"self":[{"href":"https:\/\/staging.ivg.it\/ediapi\/wp\/v2\/posts\/82004","targetHints":{"allow":["GET"]}}],"collection":[{"href":"https:\/\/staging.ivg.it\/ediapi\/wp\/v2\/posts"}],"about":[{"href":"https:\/\/staging.ivg.it\/ediapi\/wp\/v2\/types\/post"}],"author":[{"embeddable":true,"href":"https:\/\/staging.ivg.it\/ediapi\/wp\/v2\/users\/13744"}],"replies":[{"embeddable":true,"href":"https:\/\/staging.ivg.it\/ediapi\/wp\/v2\/comments?post=82004"}],"version-history":[{"count":0,"href":"https:\/\/staging.ivg.it\/ediapi\/wp\/v2\/posts\/82004\/revisions"}],"wp:attachment":[{"href":"https:\/\/staging.ivg.it\/ediapi\/wp\/v2\/media?parent=82004"}],"wp:term":[{"taxonomy":"category","embeddable":true,"href":"https:\/\/staging.ivg.it\/ediapi\/wp\/v2\/categories?post=82004"},{"taxonomy":"post_tag","embeddable":true,"href":"https:\/\/staging.ivg.it\/ediapi\/wp\/v2\/tags?post=82004"}],"curies":[{"name":"wp","href":"https:\/\/api.w.org\/{rel}","templated":true}]}}