{"id":81926,"date":"2010-01-16T12:08:56","date_gmt":"2010-01-16T11:08:56","guid":{"rendered":"http:\/\/www.ivg.it\/2010\/01\/16\/tour-ponentino-di-burlando-incontro-a-sorpresa-lavoratori-sar-e-acts\/"},"modified":"2010-01-16T19:09:57","modified_gmt":"2010-01-16T18:09:57","slug":"tour-ponentino-di-burlando-incontro-a-sorpresa-lavoratori-sar-e-acts","status":"publish","type":"post","link":"https:\/\/staging.ivg.it\/2010\/01\/tour-ponentino-di-burlando-incontro-a-sorpresa-lavoratori-sar-e-acts\/","title":{"rendered":"&#8220;Tour ponentino&#8221; di Burlando: incontro a sorpresa con i lavoratori Sar e Acts"},"content":{"rendered":"<p><strong>Boissano<\/strong>. Nel suo viaggio a Ponente, il presidente della Regione, Claudio Burlando, ha anche fatto un incontro &#8220;fuori programma&#8221;. E&#8217; stato quello a Boissano con una delegazione Rsu dei lavoratori di Acts e Sar che hanno chiesto quanto prima un incontro per discutere dell&#8217;iter che porter\u00e0 all&#8217;unificazione del trasporto pubblico locale savonese. Un &#8220;faccia a faccia&#8221; che si terr\u00e0 probabilmente gi\u00e0 nella prossima settimana e prima del prossimo consiglio regionale.<\/p>\n<p>I sindacati hanno sottolineato la propria contrariet\u00e0 alle intenzioni e alle azioni portate avanti dalla Provincia di Savona e dall&#8217;azienda in un processo di unificazione che si \u00e8 dimostrato tutt&#8217;altro che semplice e che, secondo la delegazione Rsu, sta sacrificando il personale dipendente delle due aziende del trasporto pubblico.<\/p>\n<p>&#8220;Da Burlando abbiamo avuto garanzie sull&#8217;incontro in Regione&#8221; ha sottolineato il segretario della Filt-Cgil Barbara Delbuono. &#8220;Assieme all&#8217;assessore Enrico Vesco il presidente sta seguendo con attenzione la vicenda e credo abbia recepito le problematiche poste dalla maggioranza dei lavoratori. Sul fronte del trasporto pubblico c&#8217;\u00e8 in atto anche un piano regionale che auspichiamo possa rispettare i tempi di attuazione previsti&#8221;.<\/p>\n<p>Burlando arriva direttamente da Ceriale, dove ha visitato i cantieri navali Sciallino, e proseguir\u00e0 il suo tour a Toirano, Cervo e Arnasco.<\/p>\n","protected":false},"excerpt":{"rendered":"<p>Boissano. Nel suo viaggio a Ponente, il presidente della Regione, Claudio Burlando, ha anche fatto un incontro &#8220;fuori programma&#8221;. E&#8217; stato quello a Boissano con una delegazione Rsu dei lavoratori di Acts e Sar che hanno chiesto quanto prima un incontro per discutere dell&#8217;iter che porter\u00e0 all&#8217;unificazione del trasporto pubblico locale savonese. Un &#8220;faccia a [&hellip;]<\/p>\n","protected":false},"author":13744,"featured_media":0,"comment_status":"open","ping_status":"closed","sticky":false,"template":"","format":"standard","meta":{"footnotes":""},"categories":[31],"tags":[594,304,871,5836,2562,410],"class_list":["post-81926","post","type-post","status-publish","format-standard","hentry","category-politica","tag-acts","tag-burlando","tag-lavoratori","tag-rsu","tag-sar","tag-sindacati"],"amp_validity":null,"amp_enabled":true,"_links":{"self":[{"href":"https:\/\/staging.ivg.it\/ediapi\/wp\/v2\/posts\/81926","targetHints":{"allow":["GET"]}}],"collection":[{"href":"https:\/\/staging.ivg.it\/ediapi\/wp\/v2\/posts"}],"about":[{"href":"https:\/\/staging.ivg.it\/ediapi\/wp\/v2\/types\/post"}],"author":[{"embeddable":true,"href":"https:\/\/staging.ivg.it\/ediapi\/wp\/v2\/users\/13744"}],"replies":[{"embeddable":true,"href":"https:\/\/staging.ivg.it\/ediapi\/wp\/v2\/comments?post=81926"}],"version-history":[{"count":0,"href":"https:\/\/staging.ivg.it\/ediapi\/wp\/v2\/posts\/81926\/revisions"}],"wp:attachment":[{"href":"https:\/\/staging.ivg.it\/ediapi\/wp\/v2\/media?parent=81926"}],"wp:term":[{"taxonomy":"category","embeddable":true,"href":"https:\/\/staging.ivg.it\/ediapi\/wp\/v2\/categories?post=81926"},{"taxonomy":"post_tag","embeddable":true,"href":"https:\/\/staging.ivg.it\/ediapi\/wp\/v2\/tags?post=81926"}],"curies":[{"name":"wp","href":"https:\/\/api.w.org\/{rel}","templated":true}]}}