{"id":81717,"date":"2010-01-13T23:04:32","date_gmt":"2010-01-13T23:04:32","guid":{"rendered":"http:\/\/www.matteo.it\/2010\/01\/13\/pdl-albisola-gambaretto-conferma-le-sue-accuse-nei-confronti-del-partito\/"},"modified":"2010-01-13T23:04:32","modified_gmt":"2010-01-13T23:04:32","slug":"pdl-albisola-gambaretto-conferma-le-sue-accuse-nei-confronti-del-partito","status":"publish","type":"post","link":"https:\/\/staging.ivg.it\/2010\/01\/pdl-albisola-gambaretto-conferma-le-sue-accuse-nei-confronti-del-partito\/","title":{"rendered":"Pdl Albisola, Gambaretto conferma le sue &#8220;accuse&#8221; nei confronti del partito"},"content":{"rendered":"<p><strong>Albisola Superiore<\/strong>. Detto fatto: il senatore e sindaco albisolese Franco Orsi l&#8217;aveva detto: &#8220;Che Gambaretto chiarisca&#8221;, ed ora viene accontentato.<\/p>\n<p>Diego Gambaretto, protagonista di una polemica nei confronti di un Pdl che considera &#8220;poco democratico&#8221;, in particolare per quanto ha riguardato la scelta del coordinatore cittadino, e che accusa di averlo allontanato dal vertice di maggioranza di luned\u00ec scorso, ribadisce ad IVG.it ci\u00f2 che ha affermato poche ore fa.<\/p>\n<p>&#8220;Non sono andato via spontaneamente &#8211; sottolinea -.  Certo, se dicessi che mi hanno cacciato in malo modo o con la forza direi una bugia, per\u00f2 mi \u00e8 stato chiesto esplicitamente di andarmene e cos\u00ec ho fatto. Non \u00e8 che avessi altre chance. E lo sa bene anche il sindaco Orsi&#8221;.<\/p>\n<p>Nella riunione di maggioranza di luned\u00ec, Orsi avrebbe infatti chiesto a Gambaretto di riferire sulla polemica di cui s&#8217;\u00e8 fatto portavoce, ma quest&#8217;ultimo avrebbe preferito prendere un po&#8217; di tempo per pensare a come comportarsi: &#8220;Poi &#8211; aggiunge Gambaretto &#8211; mi sono state rivolte alcune domande cui ho preferito non rispondere e, per questo motivo, ho detto che, se sindaco e vicesindaco mi avessero  chiesto di lasciare la riunione, lo avrei fatto. E cos\u00ec \u00e8 stato. Certamente avrei preferito rimanere e rimandare la discussione anche perch\u00e8 c&#8217;erano altri punti all&#8217;ordine del giorno.  Ho ricevuto anche attestati di solidariet\u00e0 da alcuni assessori presenti che, pur dicendomi di non condividere il mio operato, non mi avrebbero messo davanti alla scelta di andare via&#8221;.<\/p>\n","protected":false},"excerpt":{"rendered":"<p>Albisola Superiore. Detto fatto: il senatore e sindaco albisolese Franco Orsi l&#8217;aveva detto: &#8220;Che Gambaretto chiarisca&#8221;, ed ora viene accontentato. Diego Gambaretto, protagonista di una polemica nei confronti di un Pdl che considera &#8220;poco democratico&#8221;, in particolare per quanto ha riguardato la scelta del coordinatore cittadino, e che accusa di averlo allontanato dal vertice di [&hellip;]<\/p>\n","protected":false},"author":13744,"featured_media":0,"comment_status":"open","ping_status":"open","sticky":false,"template":"","format":"standard","meta":{"footnotes":""},"categories":[31],"tags":[432,216],"class_list":["post-81717","post","type-post","status-publish","format-standard","hentry","category-politica","tag-albisola","tag-pdl","post_cat_citta-albisola-superiore"],"amp_validity":null,"amp_enabled":true,"_links":{"self":[{"href":"https:\/\/staging.ivg.it\/ediapi\/wp\/v2\/posts\/81717","targetHints":{"allow":["GET"]}}],"collection":[{"href":"https:\/\/staging.ivg.it\/ediapi\/wp\/v2\/posts"}],"about":[{"href":"https:\/\/staging.ivg.it\/ediapi\/wp\/v2\/types\/post"}],"author":[{"embeddable":true,"href":"https:\/\/staging.ivg.it\/ediapi\/wp\/v2\/users\/13744"}],"replies":[{"embeddable":true,"href":"https:\/\/staging.ivg.it\/ediapi\/wp\/v2\/comments?post=81717"}],"version-history":[{"count":0,"href":"https:\/\/staging.ivg.it\/ediapi\/wp\/v2\/posts\/81717\/revisions"}],"wp:attachment":[{"href":"https:\/\/staging.ivg.it\/ediapi\/wp\/v2\/media?parent=81717"}],"wp:term":[{"taxonomy":"category","embeddable":true,"href":"https:\/\/staging.ivg.it\/ediapi\/wp\/v2\/categories?post=81717"},{"taxonomy":"post_tag","embeddable":true,"href":"https:\/\/staging.ivg.it\/ediapi\/wp\/v2\/tags?post=81717"}],"curies":[{"name":"wp","href":"https:\/\/api.w.org\/{rel}","templated":true}]}}