{"id":81609,"date":"2010-01-12T14:45:19","date_gmt":"2010-01-12T14:45:19","guid":{"rendered":"http:\/\/www.ivg.it\/2010\/01\/12\/iniziati-i-lavori-per-ripristino-sp-8-guarnieri-questa-e-politica-dei-fatti\/"},"modified":"2010-01-14T00:02:17","modified_gmt":"2010-01-14T00:02:17","slug":"iniziati-i-lavori-per-ripristino-sp-8-guarnieri-questa-e-politica-dei-fatti","status":"publish","type":"post","link":"https:\/\/staging.ivg.it\/2010\/01\/iniziati-i-lavori-per-ripristino-sp-8-guarnieri-questa-e-politica-dei-fatti\/","title":{"rendered":"Iniziati i lavori per ripristino SP 8, Guarnieri: &#8220;Questa \u00e8 politica dei fatti&#8221;"},"content":{"rendered":"<p><strong>Savona<\/strong>. In brevissimo tempo sono state reperite le risorse necessarie, che ammontano a 340 mila euro, e cos\u00ec la Provincia ha dato inizio ai lavori di ripristino della S.P. 8 che prevedono la messa in sicurezza della parete franata per poter riaprire la strada entro la fine di febbraio.<\/p>\n<p>&#8220;Grazie all&#8217;assunzione di responsabilit\u00e0 e all&#8217;ordinanza emessa dal sindaco di Finale Ligure &#8211; ha dichiarato l&#8217;assessore Rosalia Guarnieri &#8211; \u00e8 stato possibile anticipare i tempi burocratici necessari ad ottenere le autorizzazioni dando subito inizio ai lavori per risolvere la situazione che grava sia sulla la popolazione, sia sugli esemplari di gufo reale presenti nella zona&#8221;.<\/p>\n<p>&#8220;A causa delle dimensioni della carreggiata dovr\u00e0 essere interdetto il traffico in entrambi i sensi di marcia per l&#8217;intero periodo, in modo da permettere ai mezzi pesanti di operare in totale sicurezza. Entro due settimane sar\u00e0 terminato l&#8217;allestimento del cantiere con i relativi accessi e lo spazio riservato all&#8217;atterraggio dell&#8217;elicottero che dovr\u00e0 trasportare i materiali&#8221; spiega l&#8217;assessore provinciale.<\/p>\n<p>&#8220;La ditta incaricata \u00e8 la Ecogrid srl &#8211; continua la Guarnieri &#8211; che si \u00e8 impegnata a procedere, tempo permettendo, a ritmo serrato per rispettare, e magari anche anticipare, i tempi previsti per la riapertura a doppio senso di marcia. Naturalmente con la fine di febbraio si concluder\u00e0 la parte pi\u00f9 gravosa dei lavori ma l&#8217;opera di messa in sicurezza continuer\u00e0 anche per tutto il mese di marzo, durante il quale non si pu\u00f2 escludere a priori che sia necessaria qualche interruzione saltuaria della viabilit\u00e0. Tralasciamo inutili polemiche a dimostrazione che questa \u00e8 la politica dei fatti&#8221; conclude Rosy Guarnieri.<\/p>\n","protected":false},"excerpt":{"rendered":"<p>Savona. In brevissimo tempo sono state reperite le risorse necessarie, che ammontano a 340 mila euro, e cos\u00ec la Provincia ha dato inizio ai lavori di ripristino della S.P. 8 che prevedono la messa in sicurezza della parete franata per poter riaprire la strada entro la fine di febbraio. &#8220;Grazie all&#8217;assunzione di responsabilit\u00e0 e all&#8217;ordinanza [&hellip;]<\/p>\n","protected":false},"author":13744,"featured_media":0,"comment_status":"open","ping_status":"closed","sticky":false,"template":"","format":"standard","meta":{"footnotes":""},"categories":[31],"tags":[854,375,6607,765],"class_list":["post-81609","post","type-post","status-publish","format-standard","hentry","category-politica","tag-lavori","tag-provincia","tag-rosy-guarnieri","tag-strada","post_cat_citta-finale-ligure","post_cat_citta-savona"],"amp_validity":null,"amp_enabled":true,"_links":{"self":[{"href":"https:\/\/staging.ivg.it\/ediapi\/wp\/v2\/posts\/81609","targetHints":{"allow":["GET"]}}],"collection":[{"href":"https:\/\/staging.ivg.it\/ediapi\/wp\/v2\/posts"}],"about":[{"href":"https:\/\/staging.ivg.it\/ediapi\/wp\/v2\/types\/post"}],"author":[{"embeddable":true,"href":"https:\/\/staging.ivg.it\/ediapi\/wp\/v2\/users\/13744"}],"replies":[{"embeddable":true,"href":"https:\/\/staging.ivg.it\/ediapi\/wp\/v2\/comments?post=81609"}],"version-history":[{"count":0,"href":"https:\/\/staging.ivg.it\/ediapi\/wp\/v2\/posts\/81609\/revisions"}],"wp:attachment":[{"href":"https:\/\/staging.ivg.it\/ediapi\/wp\/v2\/media?parent=81609"}],"wp:term":[{"taxonomy":"category","embeddable":true,"href":"https:\/\/staging.ivg.it\/ediapi\/wp\/v2\/categories?post=81609"},{"taxonomy":"post_tag","embeddable":true,"href":"https:\/\/staging.ivg.it\/ediapi\/wp\/v2\/tags?post=81609"}],"curies":[{"name":"wp","href":"https:\/\/api.w.org\/{rel}","templated":true}]}}