{"id":81559,"date":"2010-01-11T18:33:44","date_gmt":"2010-01-11T17:33:44","guid":{"rendered":"http:\/\/www.ivg.it\/2010\/01\/11\/regionali-alleanza-per-litalia-fissa-priorita-per-accordi\/"},"modified":"2010-01-11T18:33:44","modified_gmt":"2010-01-11T17:33:44","slug":"regionali-alleanza-per-litalia-fissa-priorita-per-accordi","status":"publish","type":"post","link":"https:\/\/staging.ivg.it\/2010\/01\/regionali-alleanza-per-litalia-fissa-priorita-per-accordi\/","title":{"rendered":"Regionali, Alleanza per l&#8217;Italia fissa priorit\u00e0 per accordi"},"content":{"rendered":"<p>[thumb:15534:l]<strong>Regione<\/strong>. In vista delle prossime elezioni regionali, Alleanza per l&#8217;Italia fissa i suoi paletti e indica in sanit\u00e0, famiglia, lavoro e piccola impresa, ambiente e cultura le cinque priorit\u00e0 su cui valutare l&#8217;adesione alle coalizioni per il governo regionale che si sfideranno il prossimo marzo 2010.<\/p>\n<p>E&#8217; questo il succo del documento che, a quanto si apprende, \u00e8 stato oggi approvato dai vertici del partito del fiore d&#8217;arancio, riuniti a Fontanella Borghese. &#8220;In occasione delle elezioni regionali &#8211; si legge nel documento approvato &#8211; noi intendiamo denunciare la crisi di questo bipolarismo, far emergere le contraddizioni insanabili all&#8217;interno delle due coalizioni (e degli stessi due maggiori partiti), mettere in evidenza che le alleanze si formano quasi ovunque su aspettative di potere, piuttosto che per risolvere i problemi economici, della societ\u00e0 e dei territori italiani&#8221;.<\/p>\n<p>Motivo per cui l&#8217;Api subordina la scelta delle candidature e delle alleanze nelle regioni alle risposte che verranno date dai principali schieramenti su cinque punti, considerati irrinunciabili dal partito di Francesco Rutelli e bruno Tabacci: innanzitutto, un impegno per la separazione della politica dalla sanit\u00e0 e dalle nomine regionali che &#8220;debbono essere fatte da organismi indipendenti&#8221;; poi il lavoro e la piccola e media impresa; e ancora, la famiglia, mettendo fine a quello che Alleanza per l&#8217;Italia chiama &#8220;lo svantaggio familiare&#8221;, e cio\u00e8 il fatto che in Italia &#8220;chi ha pi\u00f9 figli \u00e8 pi\u00f9 povero&#8221;. Al quarto punto, poi &#8220;una moderna ecologia&#8221; che coniughi la difesa del paesaggio con &#8220;un chiaro si ai termovalorizzatori&#8221;. Infine, la valorizzazione della cultura e la promozione del turismo.<\/p>\n<p>Proposte definite &#8220;credibili e comprensibili&#8221;, da declinare ovviamente &#8220;secondo le specifiche esigenze delle 13 regioni in cui si vota&#8221;, e che rappresentano, dunque, il cuore dell&#8217;offerta politica dell&#8217;Api, in vista delle regionali. Le decisioni finali, si legge nel documento approvato, saranno ufficializzate alla prossima assemblea nazionale del partito, in programma a Napoli il 29 e 30 gennaio.<\/p>\n","protected":false},"excerpt":{"rendered":"<p>[thumb:15534:l]Regione. In vista delle prossime elezioni regionali, Alleanza per l&#8217;Italia fissa i suoi paletti e indica in sanit\u00e0, famiglia, lavoro e piccola impresa, ambiente e cultura le cinque priorit\u00e0 su cui valutare l&#8217;adesione alle coalizioni per il governo regionale che si sfideranno il prossimo marzo 2010. E&#8217; questo il succo del documento che, a quanto [&hellip;]<\/p>\n","protected":false},"author":5,"featured_media":0,"comment_status":"open","ping_status":"closed","sticky":false,"template":"","format":"standard","meta":{"footnotes":""},"categories":[31],"tags":[15745,14124,2589,218,5630,784,17062,3417],"class_list":["post-81559","post","type-post","status-publish","format-standard","hentry","category-politica","tag-alleanza-per-litalia","tag-alleanze","tag-api","tag-elezioni","tag-francesco-rutelli","tag-governo","tag-marzo","tag-regionali","post_cat_citta-andora"],"amp_validity":null,"amp_enabled":true,"_links":{"self":[{"href":"https:\/\/staging.ivg.it\/ediapi\/wp\/v2\/posts\/81559","targetHints":{"allow":["GET"]}}],"collection":[{"href":"https:\/\/staging.ivg.it\/ediapi\/wp\/v2\/posts"}],"about":[{"href":"https:\/\/staging.ivg.it\/ediapi\/wp\/v2\/types\/post"}],"author":[{"embeddable":true,"href":"https:\/\/staging.ivg.it\/ediapi\/wp\/v2\/users\/5"}],"replies":[{"embeddable":true,"href":"https:\/\/staging.ivg.it\/ediapi\/wp\/v2\/comments?post=81559"}],"version-history":[{"count":0,"href":"https:\/\/staging.ivg.it\/ediapi\/wp\/v2\/posts\/81559\/revisions"}],"wp:attachment":[{"href":"https:\/\/staging.ivg.it\/ediapi\/wp\/v2\/media?parent=81559"}],"wp:term":[{"taxonomy":"category","embeddable":true,"href":"https:\/\/staging.ivg.it\/ediapi\/wp\/v2\/categories?post=81559"},{"taxonomy":"post_tag","embeddable":true,"href":"https:\/\/staging.ivg.it\/ediapi\/wp\/v2\/tags?post=81559"}],"curies":[{"name":"wp","href":"https:\/\/api.w.org\/{rel}","templated":true}]}}