{"id":81507,"date":"2010-01-11T09:55:16","date_gmt":"2010-01-11T08:55:16","guid":{"rendered":"http:\/\/www.ivg.it\/2010\/01\/11\/comunali-albenga-tabbo-con-guarnieri-nulla-di-nuovo-sotto-il-sole\/"},"modified":"2010-01-11T14:51:40","modified_gmt":"2010-01-11T13:51:40","slug":"comunali-albenga-tabbo-con-guarnieri-nulla-di-nuovo-sotto-il-sole","status":"publish","type":"post","link":"https:\/\/staging.ivg.it\/2010\/01\/comunali-albenga-tabbo-con-guarnieri-nulla-di-nuovo-sotto-il-sole\/","title":{"rendered":"Comunali Albenga, Tabb\u00f2: &#8220;Con Guarnieri nulla di nuovo sotto il sole&#8221;"},"content":{"rendered":"<p>[thumb:6664:l]<strong>Albenga<\/strong>. La notizia che vede Rosy Guarnieri in corsa per la poltrona di Primo Cittadino di Albenga non stupisce gli ambienti politici del centrosinistra.<\/p>\n<p>Il diretto interessato in qualit\u00e0 di &#8220;antagonista&#8221; alle prossime amministrative, cio\u00e8 il sindaco uscente Antonello Tabb\u00f2, commenta con un &#8220;nulla di nuovo sotto il sole&#8221; e aggiunge: &#8220;Non vedo nessuna particolare sorpresa n\u00e8 novit\u00e0 nello schieramento del centrodestra. Rispetto come sempre i miei avversari, ma ci tengo a dire che non temo nessuno. Ora non posso che prendere atto delle decisioni prese e lavorare come ho sempre fatto in questi anni, nella speranza di poter portare a compimento ci\u00f2 che abbiamo realizzato durante questi cinque anni&#8221;.<\/p>\n<p>La campagna elettorale si profila per\u00f2 dura e aspra, anche perch\u00e8 Albenga \u00e8 una citt\u00e0 che, per la sua importanza, fa gola agli avversari politici. &#8220;Non \u00e8 mio costume fare campagna elettorale usando toni duri o  mettendo a segno colpi bassi &#8211; tiene a sottolineare Tabb\u00f2 -. Non  cambier\u00f2 certo il mio modo di fare basato sulla trasparenza  e correttezza. Non amo le risse, sono &#8220;spettacoli&#8221; cui preferisco non partecipare. Certo, se vedr\u00f2 comportamenti che impongono uguale durezza e forza non potr\u00f2 che rispondere. Ma mi auguro che prevalga sempre un senso di responsabilit\u00e0 e decoro&#8221;.<\/p>\n","protected":false},"excerpt":{"rendered":"<p>[thumb:6664:l]Albenga. La notizia che vede Rosy Guarnieri in corsa per la poltrona di Primo Cittadino di Albenga non stupisce gli ambienti politici del centrosinistra. Il diretto interessato in qualit\u00e0 di &#8220;antagonista&#8221; alle prossime amministrative, cio\u00e8 il sindaco uscente Antonello Tabb\u00f2, commenta con un &#8220;nulla di nuovo sotto il sole&#8221; e aggiunge: &#8220;Non vedo nessuna particolare [&hellip;]<\/p>\n","protected":false},"author":2620,"featured_media":0,"comment_status":"open","ping_status":"closed","sticky":false,"template":"","format":"standard","meta":{"footnotes":""},"categories":[31],"tags":[3955,1454,8783,218,3867,85999,4381],"class_list":["post-81507","post","type-post","status-publish","format-standard","hentry","category-politica","tag-campagna-elettorale","tag-centrosinistra","tag-comunali","tag-elezioni","tag-guarnieri","tag-sindaco","tag-tabbo","post_cat_citta-albenga"],"amp_validity":null,"amp_enabled":true,"_links":{"self":[{"href":"https:\/\/staging.ivg.it\/ediapi\/wp\/v2\/posts\/81507","targetHints":{"allow":["GET"]}}],"collection":[{"href":"https:\/\/staging.ivg.it\/ediapi\/wp\/v2\/posts"}],"about":[{"href":"https:\/\/staging.ivg.it\/ediapi\/wp\/v2\/types\/post"}],"author":[{"embeddable":true,"href":"https:\/\/staging.ivg.it\/ediapi\/wp\/v2\/users\/2620"}],"replies":[{"embeddable":true,"href":"https:\/\/staging.ivg.it\/ediapi\/wp\/v2\/comments?post=81507"}],"version-history":[{"count":0,"href":"https:\/\/staging.ivg.it\/ediapi\/wp\/v2\/posts\/81507\/revisions"}],"wp:attachment":[{"href":"https:\/\/staging.ivg.it\/ediapi\/wp\/v2\/media?parent=81507"}],"wp:term":[{"taxonomy":"category","embeddable":true,"href":"https:\/\/staging.ivg.it\/ediapi\/wp\/v2\/categories?post=81507"},{"taxonomy":"post_tag","embeddable":true,"href":"https:\/\/staging.ivg.it\/ediapi\/wp\/v2\/tags?post=81507"}],"curies":[{"name":"wp","href":"https:\/\/api.w.org\/{rel}","templated":true}]}}