{"id":81499,"date":"2010-01-11T08:01:41","date_gmt":"2010-01-11T07:01:41","guid":{"rendered":"http:\/\/www.ivg.it\/2010\/01\/11\/albenga-gasco-guarnieri-garantisce-compattezza-per-vincere-elezioni\/"},"modified":"2010-01-11T11:32:43","modified_gmt":"2010-01-11T10:32:43","slug":"albenga-gasco-guarnieri-garantisce-compattezza-per-vincere-elezioni","status":"publish","type":"post","link":"https:\/\/staging.ivg.it\/2010\/01\/albenga-gasco-guarnieri-garantisce-compattezza-per-vincere-elezioni\/","title":{"rendered":"Comunali Albenga, Gasco: &#8220;Guarnieri garantisce compattezza per vincere&#8221;"},"content":{"rendered":"<p>[thumb:11868:l]<strong>Savona<\/strong>. La notizia della candidatura di Rosy Guarnieri alle prossime elezioni comunali di Albenga si \u00e8 sparsa in poche ore in tutta le riviera. Il Pdl quindi gioca ormai a carte scoperte. Il coordinatore provinciale del Popolo della Libert\u00e0, Roberta Gasco, \u00e8 infatti intervenuta per spiegare le motivazione della scelta di candidare Rosy Guarnieri. &#8220;Le consultazioni interne del Pdl hanno fatto emergere una sostanziale unit\u00e0 d\u00b4intenti ed una ferma determinazione dell\u00b4intero centro destra albenganese di voler ritornare al governo della citt\u00e0&#8221; esordisce la Gasco.<\/p>\n<p>&#8220;La diffusa disponibilit\u00e0 a mettersi a disposizione per raggiungere questo importante risultato ha aiutato a maturare, all\u00b4interno del partito, la certezza che l&#8217;autorevole proposta della Lega Nord nella persona della Rosi Guarneri, attuale assessore provinciale e consigliere comunale di minoranza riesca a garantire al centro destra la necessaria compattezza per vincere le elezioni amministrative di marzo 2010&#8221; prosegue il coordinatore provinciale del Pdl.<\/p>\n<p>&#8220;Persona capace e stimata da tutti coloro che hanno con lei condiviso i banchi dell&#8217;opposizione albenganese e del governo della Provincia di Savona. Un assessore che ha dimostrato in pochi mesi dall&#8217;insediamento una rara capacit\u00e0 nel gestire le crisi che ciclicamente scaturiscono dalla delega sulla viabilit\u00e0 (frane e neve), con la dovuta fermezza e soprattutto riuscendo a trovare soluzioni compatibili con la misura del problema ed una spiccata propensione alla programmazione e pianificazione. La proposta, valutata in sede locale, viene ora sottoposta al vaglio del Coordinamento Regionale Pdl, per poi iniziare a costruire una lista che rappresenti il meglio del largo consenso goduto dal Popolo della Libert\u00e0 in Albenga&#8221; aggiunge Roberta Gasco.<\/p>\n<p>&#8220;Autorevoli rappresentanti hanno gi\u00e0 in questi giorni dato la loro disponibilit\u00e0 a partecipare. Forse ci\u00f2 ha generato aspettative ed anticipazioni su incarichi e sui ruoli che l&#8217;accordo definitivo potrebbero riservare al Pdl ma ad oggi non sono anticipabili in quanto decisamente prematuri. Ci\u00f2 che c&#8217;\u00e8 di certo \u00e8 la forte volont\u00e0 di vittoria che prevale sui personalismi o sulla ricerca di posti od accomodamenti. Oggi inizia un percorso unitario dell\u00b4intero centro destra, pronto ad arruolare tutti gli uomini e le donne di buona volont\u00e0 per smuovere una citt\u00e0 dalla forte vocazione produttiva dall\u00b4immobilismo a cui l\u00b4ha costretta la politica dell\u00b4indecisionismo e del particolare tipico del Pd albenganese&#8221; conclude il coordinatore provinciale del Pdl.<\/p>\n","protected":false},"excerpt":{"rendered":"<p>[thumb:11868:l]Savona. La notizia della candidatura di Rosy Guarnieri alle prossime elezioni comunali di Albenga si \u00e8 sparsa in poche ore in tutta le riviera. Il Pdl quindi gioca ormai a carte scoperte. Il coordinatore provinciale del Popolo della Libert\u00e0, Roberta Gasco, \u00e8 infatti intervenuta per spiegare le motivazione della scelta di candidare Rosy Guarnieri. &#8220;Le [&hellip;]<\/p>\n","protected":false},"author":13744,"featured_media":0,"comment_status":"open","ping_status":"closed","sticky":false,"template":"","format":"standard","meta":{"footnotes":""},"categories":[31],"tags":[85841,558,8783,218,630,6240,9061,6607],"class_list":["post-81499","post","type-post","status-publish","format-standard","hentry","category-politica","tag-albenga","tag-antonello-tabbo","tag-comunali","tag-elezioni","tag-lega-nord","tag-popolo-della-liberta","tag-roberta-gasco","tag-rosy-guarnieri","post_cat_citta-albenga","post_cat_citta-savona"],"amp_validity":null,"amp_enabled":true,"_links":{"self":[{"href":"https:\/\/staging.ivg.it\/ediapi\/wp\/v2\/posts\/81499","targetHints":{"allow":["GET"]}}],"collection":[{"href":"https:\/\/staging.ivg.it\/ediapi\/wp\/v2\/posts"}],"about":[{"href":"https:\/\/staging.ivg.it\/ediapi\/wp\/v2\/types\/post"}],"author":[{"embeddable":true,"href":"https:\/\/staging.ivg.it\/ediapi\/wp\/v2\/users\/13744"}],"replies":[{"embeddable":true,"href":"https:\/\/staging.ivg.it\/ediapi\/wp\/v2\/comments?post=81499"}],"version-history":[{"count":0,"href":"https:\/\/staging.ivg.it\/ediapi\/wp\/v2\/posts\/81499\/revisions"}],"wp:attachment":[{"href":"https:\/\/staging.ivg.it\/ediapi\/wp\/v2\/media?parent=81499"}],"wp:term":[{"taxonomy":"category","embeddable":true,"href":"https:\/\/staging.ivg.it\/ediapi\/wp\/v2\/categories?post=81499"},{"taxonomy":"post_tag","embeddable":true,"href":"https:\/\/staging.ivg.it\/ediapi\/wp\/v2\/tags?post=81499"}],"curies":[{"name":"wp","href":"https:\/\/api.w.org\/{rel}","templated":true}]}}