{"id":81473,"date":"2010-01-09T14:40:03","date_gmt":"2010-01-09T13:40:03","guid":{"rendered":"http:\/\/www.ivg.it\/2010\/01\/09\/varazze-ascom-e-albergatori-dicono-no-allo-spostamento-della-loro-sede\/"},"modified":"2010-01-09T14:46:07","modified_gmt":"2010-01-09T13:46:07","slug":"varazze-ascom-e-albergatori-dicono-no-allo-spostamento-della-loro-sede","status":"publish","type":"post","link":"https:\/\/staging.ivg.it\/2010\/01\/varazze-ascom-e-albergatori-dicono-no-allo-spostamento-della-loro-sede\/","title":{"rendered":"Varazze, Ascom e Albergatori dicono no allo spostamento della loro sede"},"content":{"rendered":"<p>[thumb:637:l]<strong>Varazze<\/strong>. L&#8217;associazione Albergatori e la Ascom Confcommercio di Varazze vanno all&#8217;attacco per difendere la sede dei loro uffici sita, attualmente, al secondo piano di Palazzo Beato Jacopo. In una una riunione del 28 dicembre scorso, con il Sindaco e gran parte della Giunta del Comune di Varazze, era emersa l&#8217;intenzione di sfruttare meglio le sale ai piani superiori di Palazzo Beato Jacopo, che ospitano appunto anche gli Uffici dell&#8217;Associazione Albergatori, ma non si era parlato di spostarli in altro luogo.<\/p>\n<p>L&#8217;esecutivo della citt\u00e0 infatti intende dare spazio a mostre e rassegne di maggiore importanza, ma non ha ipotizzato per\u00f2 nessuno spostamento anzi, riguardo all&#8217;Ufficio Accoglienza Turistica (Iat), si \u00e8 parlato di un potenziamento con dotazioni tecnologiche esterne e un&#8217;insegna visibile dalla Via Aurelia.<\/p>\n<p>Andrea Bruzzone, il Presidente Associazione Albergatori, e Marilena Ratto, il Presidente Ascom Confcommercio, per\u00f2 denunciano che, quasi a sorpresa, a margine della stessa riunione, hanno appreso con stupore le esternazioni di segno diverso del vicesindaco e albergatore Andrea Valle, peraltro assente all&#8217;incontro citato.<\/p>\n<p>&#8220;A fronte di ci\u00f2 teniamo a ribadire come l&#8217;Ufficio Informazioni Turistiche di Palazzo, proprio grazie alla sinergia tra Associazione Albergatori e Ufficio Provinciale del Turismo, risulta il pi\u00f9 funzionale del territorio, con un orario quotidiano e giornate d&#8217;apertura molto pi\u00f9 ampie di qualsiasi altro in zona. Una linea, tra l&#8217;altro, confermata dalla nuova presidenza dell&#8217;Amministrazione provinciale, che ha manifestato il preciso indirizzo di potenziare gli Uffici Turistici Comunali del nostro territorio&#8221; spiegano le Associazioni di Categoria di Varazze.<\/p>\n<p>&#8220;E, ancora, riteniamo come in un comune che punta all&#8217;ospitalit\u00e0, com&#8217;\u00e8 Varazze, la buona funzionalit\u00e0 dell&#8217;Ufficio Turistico Comunale sia di vitale importanza per l&#8217;intera economia dell&#8217;intero comprensorio. Viceversa, interrompere questa collaborazione, per Albergatori e Commercianti della Citt\u00e0, significherebbe un grave danno per l&#8217;accoglienza complessiva della Citt\u00e0, e per tutta l&#8217;economia su cui essa si basa, che in questi momenti di vacche magre sicuramente nessuno pu\u00f2 desiderare e neppure invocare&#8221; aggiungono ancora Bruzzone e Ratto.<\/p>\n<p>&#8220;Diversamente, ipotizzare come sede dell&#8217;Ufficio Turistico il minuscolo ex Ufficio Marittimo a lato del Kursal Margherita, riteniamo sia assolutamente sminuente dell&#8217;importanza di ogni attivit\u00e0 di promozione della Citt\u00e0. Non siamo pi\u00f9 negli Anni Sessanta. I moderni Uffici Accoglienza, secondo noi, debbono essere dotati di tutte le tecnologie all&#8217;avanguardia, con WiFi, internet, filmati, ampi spazi espositivi, e personale preparato professionalmente. Tutti elementi che si possono potenziare soltanto in una sede adeguata come quella di Palazzo Beato Jacopo&#8221; osservano dall&#8217;associazione Albergatori e dall&#8217;Ascom.<\/p>\n<p>&#8220;Ci chiediamo come sia possibile che il vicesindaco Valle sia in disaccordo contemporaneamente con il Sindaco Delfino e con il Presidente Vaccarezza. Noi riteniamo altres\u00ec che il bilancio comunale, pur di difficile gestione, non sia a livelli di disperazione tali, al punto di fare cassa a detrimento dei servizi essenziali prestati ai cittadini e agli ospiti. Ricordiamo, infine, che l&#8217;Associazione Albergatori occupa solo una piccola parte  dello stabile in questione, e che le due sale-mostre sono attualmente gi\u00e0 gestite completamente dal Comune, cos\u00ec come l&#8217;Ente Pubblico decide autonomamente su iniziative e mostre. L&#8217;Assoalberghi garantisce esclusivamente pulizia, riscaldamento, apertura e guardianaggio del Palazzo come da convenzione, con un impegno finanziario notevole e che ben volentieri sosteniamo nell&#8217;ottica di rendere un irrinunciabile servizio pubblico&#8221; proseguono dalle associazioni di categoria.<\/p>\n<p>&#8220;A questo punto auspichiamo che sugli indirizzi della giunta cittadina torni una opportuna armonia e una univocit\u00e0 di indirizzi, specialmente su argomenti cos\u00ec importanti per il sostegno e lo sviluppo economico della Citt\u00e0&#8221; concludono Andrea Bruzzone e Marilena Ratto.<\/p>\n","protected":false},"excerpt":{"rendered":"<p>[thumb:637:l]Varazze. L&#8217;associazione Albergatori e la Ascom Confcommercio di Varazze vanno all&#8217;attacco per difendere la sede dei loro uffici sita, attualmente, al secondo piano di Palazzo Beato Jacopo. In una una riunione del 28 dicembre scorso, con il Sindaco e gran parte della Giunta del Comune di Varazze, era emersa l&#8217;intenzione di sfruttare meglio le sale [&hellip;]<\/p>\n","protected":false},"author":13744,"featured_media":0,"comment_status":"open","ping_status":"closed","sticky":false,"template":"","format":"standard","meta":{"footnotes":""},"categories":[31],"tags":[6228,16059,2414,9536,86188,85999,85868],"class_list":["post-81473","post","type-post","status-publish","format-standard","hentry","category-politica","tag-andrea-bruzzone","tag-ascom-confcommercio","tag-associazione-albergatori","tag-marilena-ratto","tag-palazzo-beato-jacopo","tag-sindaco","tag-varazze","post_cat_citta-varazze"],"amp_validity":null,"amp_enabled":true,"_links":{"self":[{"href":"https:\/\/staging.ivg.it\/ediapi\/wp\/v2\/posts\/81473","targetHints":{"allow":["GET"]}}],"collection":[{"href":"https:\/\/staging.ivg.it\/ediapi\/wp\/v2\/posts"}],"about":[{"href":"https:\/\/staging.ivg.it\/ediapi\/wp\/v2\/types\/post"}],"author":[{"embeddable":true,"href":"https:\/\/staging.ivg.it\/ediapi\/wp\/v2\/users\/13744"}],"replies":[{"embeddable":true,"href":"https:\/\/staging.ivg.it\/ediapi\/wp\/v2\/comments?post=81473"}],"version-history":[{"count":0,"href":"https:\/\/staging.ivg.it\/ediapi\/wp\/v2\/posts\/81473\/revisions"}],"wp:attachment":[{"href":"https:\/\/staging.ivg.it\/ediapi\/wp\/v2\/media?parent=81473"}],"wp:term":[{"taxonomy":"category","embeddable":true,"href":"https:\/\/staging.ivg.it\/ediapi\/wp\/v2\/categories?post=81473"},{"taxonomy":"post_tag","embeddable":true,"href":"https:\/\/staging.ivg.it\/ediapi\/wp\/v2\/tags?post=81473"}],"curies":[{"name":"wp","href":"https:\/\/api.w.org\/{rel}","templated":true}]}}