{"id":81449,"date":"2010-01-09T08:56:33","date_gmt":"2010-01-09T07:56:33","guid":{"rendered":"http:\/\/www.ivg.it\/2010\/01\/09\/regionali-assemblea-del-pd-turismo-infrastrutture-e-sanita-i-temi-caldi\/"},"modified":"2010-01-09T12:56:37","modified_gmt":"2010-01-09T11:56:37","slug":"regionali-assemblea-del-pd-turismo-infrastrutture-e-sanita-i-temi-caldi","status":"publish","type":"post","link":"https:\/\/staging.ivg.it\/2010\/01\/regionali-assemblea-del-pd-turismo-infrastrutture-e-sanita-i-temi-caldi\/","title":{"rendered":"Regionali, assemblea del Pd: turismo, infrastrutture e sanit\u00e0 i temi &#8220;caldi&#8221;"},"content":{"rendered":"<p>[thumb:16033:l]<strong> Savona.<\/strong> Fuori il freddo, ma dentro i temi &#8220;caldi&#8221; di una stagione elettorale che si fa sempre pi\u00f9 ricca di appuntamenti. Le temperature gelide di ieri non hanno infatti fermato coloro che hanno voluto partecipare all&#8217;assemblea provinciale del Pd convocata in serata a Savona, presso la Sala Mostre della Provincia.<\/p>\n<p>Una sala inaspettatamente gremita, ammettono gli organizzatori, e che ha visto tra i relatori Nino Miceli, Michele Boffa e Carlo Ruggeri che hanno presentato le rispettive relazioni, contenenti un bilancio dell&#8217;attivit\u00e0 svolta dalla Regione Liguria in questi cinque anni ed i progetti futuri per il Savonese.<\/p>\n<p>I tre rappresentanti del Pd dovrebbero essere riconfermati nella lista che il partito Democratico presenter\u00e0 alle prossime elezioni regionali per la provincia di Savona, consultazione dei circoli permettendo. In tutto sei i posti disponibili, tra cui almeno due donne (secondo quanto stabilito dallo Statuto). Persone di partito, certo, tuttavia il Pd spera di inserire nella lista candidati nuovi, in grado di portare &#8220;voti nuovi&#8221; alla causa del centro sinistra e per la riconferma di Claudio Burlando a governatore ligure. Particolare attenzione verr\u00e0 rivolta ad esponenti della societ\u00e0 civile, conosciuti ed apprezzati sul territorio.<\/p>\n<p>La serata \u00e8 stata introdotta da Isabella Sorgini, membro dell&#8217;esecutivo provinciale e assessore presso il Comune di Savona. Poi \u00e8 stata la volta del sindaco savonese, Federico Berruti, che ha delineato i mutamenti dello scenario politico del nostro territorio rispetto al 2005.[image:16032:r]<\/p>\n<p>I temi che hanno caratterizzato l&#8217;assemblea sono stati principalmente tre: infrastrutture, turismo e sanit\u00e0. In particolare,si \u00e8 insistito su questo ultimo punto sottolineando che, i buchi di bilancio cui si \u00e8 dovuto far fronte in questi anni, dovrebbero costituire in futuro solo un lontano ricordo.<\/p>\n<p>All&#8217;incontro ha partecipato anche il deputato Massimo Zunino, oltre a numerosi sindaci e amministratori locali.<br \/>\nDa luned\u00ec 11 a venerd\u00ec 15 gennaio sono in programma le assemble degli iscritti dei 31 circoli del Pd della provincia di Savona che serviranno per esprimere un giudizio sull&#8217;operato dei tre rappresentanti regionali uscenti del Pd savonese.<\/p>\n<p>[image:16033:c]<\/p>\n","protected":false},"excerpt":{"rendered":"<p>[thumb:16033:l] Savona. Fuori il freddo, ma dentro i temi &#8220;caldi&#8221; di una stagione elettorale che si fa sempre pi\u00f9 ricca di appuntamenti. Le temperature gelide di ieri non hanno infatti fermato coloro che hanno voluto partecipare all&#8217;assemblea provinciale del Pd convocata in serata a Savona, presso la Sala Mostre della Provincia. Una sala inaspettatamente gremita, [&hellip;]<\/p>\n","protected":false},"author":13744,"featured_media":0,"comment_status":"open","ping_status":"closed","sticky":false,"template":"","format":"standard","meta":{"footnotes":""},"categories":[31],"tags":[],"class_list":["post-81449","post","type-post","status-publish","format-standard","hentry","category-politica","post_cat_citta-savona"],"amp_validity":null,"amp_enabled":true,"_links":{"self":[{"href":"https:\/\/staging.ivg.it\/ediapi\/wp\/v2\/posts\/81449","targetHints":{"allow":["GET"]}}],"collection":[{"href":"https:\/\/staging.ivg.it\/ediapi\/wp\/v2\/posts"}],"about":[{"href":"https:\/\/staging.ivg.it\/ediapi\/wp\/v2\/types\/post"}],"author":[{"embeddable":true,"href":"https:\/\/staging.ivg.it\/ediapi\/wp\/v2\/users\/13744"}],"replies":[{"embeddable":true,"href":"https:\/\/staging.ivg.it\/ediapi\/wp\/v2\/comments?post=81449"}],"version-history":[{"count":0,"href":"https:\/\/staging.ivg.it\/ediapi\/wp\/v2\/posts\/81449\/revisions"}],"wp:attachment":[{"href":"https:\/\/staging.ivg.it\/ediapi\/wp\/v2\/media?parent=81449"}],"wp:term":[{"taxonomy":"category","embeddable":true,"href":"https:\/\/staging.ivg.it\/ediapi\/wp\/v2\/categories?post=81449"},{"taxonomy":"post_tag","embeddable":true,"href":"https:\/\/staging.ivg.it\/ediapi\/wp\/v2\/tags?post=81449"}],"curies":[{"name":"wp","href":"https:\/\/api.w.org\/{rel}","templated":true}]}}