{"id":81430,"date":"2010-01-08T16:46:02","date_gmt":"2010-01-08T15:46:02","guid":{"rendered":"http:\/\/www.ivg.it\/2010\/01\/08\/accordo-sar-acts-con-cisl-e-uil-marson-riprova-di-un-confronto-serio-e-fattivo\/"},"modified":"2010-01-08T16:47:39","modified_gmt":"2010-01-08T15:47:39","slug":"accordo-sar-acts-con-cisl-e-uil-marson-riprova-di-un-confronto-serio-e-fattivo","status":"publish","type":"post","link":"https:\/\/staging.ivg.it\/2010\/01\/accordo-sar-acts-con-cisl-e-uil-marson-riprova-di-un-confronto-serio-e-fattivo\/","title":{"rendered":"Accordo Sar-Acts con Cisl e Uil, Marson: &#8220;Riprova di un confronto serio e fattivo&#8221;"},"content":{"rendered":"<p>[thumb:13181:l]<strong>Savona<\/strong>. In merito all&#8217;incontro tenutosi in data odierna fra le aziende Acts e Sar con le sigle sindacali Cisl e Uil e al raggiunto accordo in merito alla fusione in Tpl Linea Srl, l&#8217;assessore provinciale Paolo Marson ha reso noto il proprio punto di vista.<\/p>\n<p>&#8220;Riteniamo che le azioni di dialogo e di confronto esperite da Acts, Sar, Cisl e Uil &#8211; ha dichiarato l&#8217;assessore ai Trasporti &#8211; siano state connotate da atteggiamenti di assoluta concretezza ed efficacia. La firma dell&#8217;accordo odierno ne \u00e8 la riprova, visto che costituisce un importante punto di partenza per la reale condivisione delle istanze e l&#8217;avvio di un cammino congiunto fra le aziende e le due sigle firmatarie che, con grande responsabilit\u00e0, si sono rese disponibili ad un confronto serio e fattivo&#8221;.<\/p>\n<p>&#8220;Resta stupefacente &#8211; ha proseguito &#8211; l&#8217;atteggiamento degli &#8216;illustri assenti&#8217; che non hanno sottoscritto l&#8217;accordo odierno fra aziende, Cisl e Uil che, nella sostanza, conferma l&#8217;attuazione di quello firmato anche da loro in Provincia in data 24 novembre sulla base del quale \u00e8 stato costruito il percorso di dialogo e di confronto, ma, perseverando con azioni unilaterali come la proclamazione dello sciopero dell&#8217;11 gennaio, dimostrano ancora una volta l&#8217;assoluta assenza di concretezza nello svolgimento delle trattative in atto e continuano ad agire attraverso gesti ad esclusiva valenza politica&#8221;.<\/p>\n<p>&#8220;Acts, Sar, Cisl e Uil, al contrario &#8211; ha sottolineato Marson &#8211; hanno dato avvio ad un processo condiviso di fusione che, in questo modo, potr\u00e0 procedere con rapidit\u00e0, nel rispetto delle garanzie, pi\u00f9 volte ribadite e sottoscritte, per i lavoratori e con i benefici che la razionalizzazione dei due sistemi di trasporto generer\u00e0 sui cittadini\/utenti del Tpl&#8221;.<\/p>\n<p>&#8220;Atteggiamenti puramente e deliberatamente ostativi, come l&#8217;indizione a priori e priva di qualsiasi confronto fra le parti  dello sciopero dell&#8217;11 gennaio, sono da considerarsi &#8211; ha concluso &#8211; sia come l&#8217;ennesimo grave pregiudizio ed ingiustificata interruzione del servizio pubblico, sia quale grave danno ad una fase cos\u00ec delicata per la realizzazione del percorso di unificazione della gestione dei bacini di traffico nel territorio provinciale&#8221;.<\/p>\n","protected":false},"excerpt":{"rendered":"<p>[thumb:13181:l]Savona. In merito all&#8217;incontro tenutosi in data odierna fra le aziende Acts e Sar con le sigle sindacali Cisl e Uil e al raggiunto accordo in merito alla fusione in Tpl Linea Srl, l&#8217;assessore provinciale Paolo Marson ha reso noto il proprio punto di vista. &#8220;Riteniamo che le azioni di dialogo e di confronto esperite [&hellip;]<\/p>\n","protected":false},"author":5,"featured_media":0,"comment_status":"open","ping_status":"closed","sticky":false,"template":"","format":"standard","meta":{"footnotes":""},"categories":[],"tags":[1594,594,2734,2361,2999,8439,2562,2152,2379,2253],"class_list":["post-81430","post","type-post","status-publish","format-standard","hentry","tag-accordo","tag-acts","tag-assessore","tag-cisl","tag-paolo-marson","tag-pullman","tag-sar","tag-sciopero","tag-trasporto","tag-uil","post_cat_citta-andora"],"amp_validity":null,"amp_enabled":true,"_links":{"self":[{"href":"https:\/\/staging.ivg.it\/ediapi\/wp\/v2\/posts\/81430","targetHints":{"allow":["GET"]}}],"collection":[{"href":"https:\/\/staging.ivg.it\/ediapi\/wp\/v2\/posts"}],"about":[{"href":"https:\/\/staging.ivg.it\/ediapi\/wp\/v2\/types\/post"}],"author":[{"embeddable":true,"href":"https:\/\/staging.ivg.it\/ediapi\/wp\/v2\/users\/5"}],"replies":[{"embeddable":true,"href":"https:\/\/staging.ivg.it\/ediapi\/wp\/v2\/comments?post=81430"}],"version-history":[{"count":0,"href":"https:\/\/staging.ivg.it\/ediapi\/wp\/v2\/posts\/81430\/revisions"}],"wp:attachment":[{"href":"https:\/\/staging.ivg.it\/ediapi\/wp\/v2\/media?parent=81430"}],"wp:term":[{"taxonomy":"category","embeddable":true,"href":"https:\/\/staging.ivg.it\/ediapi\/wp\/v2\/categories?post=81430"},{"taxonomy":"post_tag","embeddable":true,"href":"https:\/\/staging.ivg.it\/ediapi\/wp\/v2\/tags?post=81430"}],"curies":[{"name":"wp","href":"https:\/\/api.w.org\/{rel}","templated":true}]}}