{"id":81353,"date":"2010-01-07T11:46:28","date_gmt":"2010-01-07T10:46:28","guid":{"rendered":"http:\/\/www.ivg.it\/2010\/01\/07\/regione-zunino-2010-anno-di-svolta-per-la-differenziata\/"},"modified":"2010-01-07T12:26:15","modified_gmt":"2010-01-07T11:26:15","slug":"regione-zunino-2010-anno-di-svolta-per-la-differenziata","status":"publish","type":"post","link":"https:\/\/staging.ivg.it\/2010\/01\/regione-zunino-2010-anno-di-svolta-per-la-differenziata\/","title":{"rendered":"Regione, Zunino: &#8220;2010 anno di svolta per la differenziata&#8221;"},"content":{"rendered":"<p>[thumb:3481:l]<strong>Regione<\/strong>. Dopo il carbone, i buoni propositi. Ecco le promesse fatte dall&#8217;assessore regionale all&#8217;Ambiente Franco Zunino dopo essere stato premiato dalla &#8220;Befana di Legambiente&#8221; con carbone e caramelle per le politiche pro o contro l&#8217;ambiente intraprese l&#8217;anno scorso.<\/p>\n<p>&#8220;Dei 342 milioni di euro di fondi per le aree sottoutilizzate destinati dallo Stato alla Liguria &#8211; dice l&#8217;assessore &#8211; 50 milioni nel 2010 saranno indirizzati a nuove politiche ambientali: 5 milioni per sviluppare la raccolta differenziata, 10 milioni per i parchi regionali e 35 per gli impianti di depurazione. La Regione Liguria ha tra le pi\u00f9 basse percentuali del nord Italia di raccolta differenziata oscilla tra il 20 e il 30%. Troppo poco. Perci\u00f2 assicuro a Legambiente che il 2010 sar\u00e0 un anno di svolta. Svilupperemo la raccolta porta a porta dei riufiuti, destinando 5 milioni di euro di fondi Fas allo sviluppo della differenziata&#8221;.<\/p>\n","protected":false},"excerpt":{"rendered":"<p>[thumb:3481:l]Regione. Dopo il carbone, i buoni propositi. Ecco le promesse fatte dall&#8217;assessore regionale all&#8217;Ambiente Franco Zunino dopo essere stato premiato dalla &#8220;Befana di Legambiente&#8221; con carbone e caramelle per le politiche pro o contro l&#8217;ambiente intraprese l&#8217;anno scorso. &#8220;Dei 342 milioni di euro di fondi per le aree sottoutilizzate destinati dallo Stato alla Liguria &#8211; [&hellip;]<\/p>\n","protected":false},"author":13744,"featured_media":0,"comment_status":"open","ping_status":"closed","sticky":false,"template":"","format":"standard","meta":{"footnotes":""},"categories":[],"tags":[106,2734,5546,804,2219,295,9891],"class_list":["post-81353","post","type-post","status-publish","format-standard","hentry","tag-ambiente","tag-assessore","tag-befana","tag-legambiente","tag-raccolta-differenziata","tag-regione","tag-spazzatura"],"amp_validity":null,"amp_enabled":true,"_links":{"self":[{"href":"https:\/\/staging.ivg.it\/ediapi\/wp\/v2\/posts\/81353","targetHints":{"allow":["GET"]}}],"collection":[{"href":"https:\/\/staging.ivg.it\/ediapi\/wp\/v2\/posts"}],"about":[{"href":"https:\/\/staging.ivg.it\/ediapi\/wp\/v2\/types\/post"}],"author":[{"embeddable":true,"href":"https:\/\/staging.ivg.it\/ediapi\/wp\/v2\/users\/13744"}],"replies":[{"embeddable":true,"href":"https:\/\/staging.ivg.it\/ediapi\/wp\/v2\/comments?post=81353"}],"version-history":[{"count":0,"href":"https:\/\/staging.ivg.it\/ediapi\/wp\/v2\/posts\/81353\/revisions"}],"wp:attachment":[{"href":"https:\/\/staging.ivg.it\/ediapi\/wp\/v2\/media?parent=81353"}],"wp:term":[{"taxonomy":"category","embeddable":true,"href":"https:\/\/staging.ivg.it\/ediapi\/wp\/v2\/categories?post=81353"},{"taxonomy":"post_tag","embeddable":true,"href":"https:\/\/staging.ivg.it\/ediapi\/wp\/v2\/tags?post=81353"}],"curies":[{"name":"wp","href":"https:\/\/api.w.org\/{rel}","templated":true}]}}