{"id":81253,"date":"2010-01-04T15:28:26","date_gmt":"2010-01-04T14:28:26","guid":{"rendered":"http:\/\/www.ivg.it\/2010\/01\/04\/i-giocatori-del-savona-si-traformano-in-befane-per-i-bimbi-della-pediatria\/"},"modified":"2010-01-05T08:21:18","modified_gmt":"2010-01-05T07:21:18","slug":"i-giocatori-del-savona-si-traformano-in-befane-per-i-bimbi-della-pediatria","status":"publish","type":"post","link":"https:\/\/staging.ivg.it\/2010\/01\/i-giocatori-del-savona-si-traformano-in-befane-per-i-bimbi-della-pediatria\/","title":{"rendered":"I giocatori del Savona diventano &#8220;Befane&#8221; per i bimbi della Pediatria"},"content":{"rendered":"<p>[thumb:13488:l]<strong>Savona<\/strong>. I giocatori del Savona Calcio, per un giorno, non si metteranno maglietta e calzoncini ma indosseranno i panni della Befana. La mattina del 6 gennaio infatti presso la Pediatria dell&#8217;Ospedale San Paolo di Savona arriveranno delle befane molto particolari, ovvero alcuni mebri della rosa biancobl\u00f9.<\/p>\n<p>L&#8217;idea \u00e8 nata in modo sponataneo dai giocatori del Savona, capitanati anche in questo caso da Paolo Ponzo. E cos\u00ec una delegazione di biancobl\u00f9 alle 10 del mattino dell&#8217;Epifania &#8220;irromper\u00e0&#8221; simpaticamente nel reparto diretto dal Dott. Amnon Cohen per portare un sorriso e un po&#8217; di allegria ai piccoli pazienti ricoverati in questi giorni festa.<\/p>\n<p>Saranno presenti anche il Presidente del Savona Andrea Pesce che ha condiviso con entusiasmo l&#8217;iniziativa dei giocatori, il Team Manager Salvatore Cavaliere e il massaggiatore Pino Gerundo. La delegazione di giocatori sar\u00e0 formata da alcuni nomi certi: oltre al capitano Paolo Ponzo, ci saranno sicuramente i due bomber Alessandro Zirilli e Carmine Marrazzo, prescelti per il travestimento da &#8220;befane&#8221;.<\/p>\n<p>I biancobl\u00f9 hanno raccolto una cifra per acquistare delle calze da donare ai bambini ricoverati in ospedale. &#8220;Se si pu\u00f2 fare un piccolo gesto per aiutare chi soffre &#8211; spiega il Capitano Paolo Ponzo -, \u00e8 doveroso da parte nostra farlo. E&#8217; importante sottolineare come chi indossi la maglia biancobl\u00f9 quest&#8217;anno, senta la responsabilit\u00e0 del ruolo importante che ricopre anche fuori dal campo, in tutti gli aspetti del tessuto sociale della citt\u00e0&#8221;.<\/p>\n","protected":false},"excerpt":{"rendered":"<p>[thumb:13488:l]Savona. I giocatori del Savona Calcio, per un giorno, non si metteranno maglietta e calzoncini ma indosseranno i panni della Befana. La mattina del 6 gennaio infatti presso la Pediatria dell&#8217;Ospedale San Paolo di Savona arriveranno delle befane molto particolari, ovvero alcuni mebri della rosa biancobl\u00f9. L&#8217;idea \u00e8 nata in modo sponataneo dai giocatori del [&hellip;]<\/p>\n","protected":false},"author":13744,"featured_media":0,"comment_status":"open","ping_status":"closed","sticky":false,"template":"","format":"standard","meta":{"footnotes":""},"categories":[32],"tags":[943,5546,5424,2509,230,941,85850,86042],"class_list":["post-81253","post","type-post","status-publish","format-standard","hentry","category-sport","tag-amnon-cohen","tag-befana","tag-epifania","tag-iniziativa","tag-ospedale-san-paolo","tag-pediatria","tag-savona","tag-savona-calcio","post_cat_citta-savona"],"amp_validity":null,"amp_enabled":true,"_links":{"self":[{"href":"https:\/\/staging.ivg.it\/ediapi\/wp\/v2\/posts\/81253","targetHints":{"allow":["GET"]}}],"collection":[{"href":"https:\/\/staging.ivg.it\/ediapi\/wp\/v2\/posts"}],"about":[{"href":"https:\/\/staging.ivg.it\/ediapi\/wp\/v2\/types\/post"}],"author":[{"embeddable":true,"href":"https:\/\/staging.ivg.it\/ediapi\/wp\/v2\/users\/13744"}],"replies":[{"embeddable":true,"href":"https:\/\/staging.ivg.it\/ediapi\/wp\/v2\/comments?post=81253"}],"version-history":[{"count":0,"href":"https:\/\/staging.ivg.it\/ediapi\/wp\/v2\/posts\/81253\/revisions"}],"wp:attachment":[{"href":"https:\/\/staging.ivg.it\/ediapi\/wp\/v2\/media?parent=81253"}],"wp:term":[{"taxonomy":"category","embeddable":true,"href":"https:\/\/staging.ivg.it\/ediapi\/wp\/v2\/categories?post=81253"},{"taxonomy":"post_tag","embeddable":true,"href":"https:\/\/staging.ivg.it\/ediapi\/wp\/v2\/tags?post=81253"}],"curies":[{"name":"wp","href":"https:\/\/api.w.org\/{rel}","templated":true}]}}