{"id":81252,"date":"2010-01-04T15:15:39","date_gmt":"2010-01-04T14:15:39","guid":{"rendered":"http:\/\/www.ivg.it\/?p=81252"},"modified":"2010-01-04T20:55:55","modified_gmt":"2010-01-04T19:55:55","slug":"turismo-se-piemontesi-e-lombardi-tornassero-a-scuola-ad-ottobre","status":"publish","type":"post","link":"https:\/\/staging.ivg.it\/2010\/01\/turismo-se-piemontesi-e-lombardi-tornassero-a-scuola-ad-ottobre\/","title":{"rendered":"Turismo: &#8220;Se Piemontesi e Lombardi tornassero a scuola ad ottobre&#8230;&#8221;"},"content":{"rendered":"<p>[thumb:3387:l]<b>Liguria<\/b>. Lezioni scolastiche e turismo. Una coppia che fatica ad andare d&#8217;accordo. Molto spesso infatti l&#8217;obbligo per i ragazzi di sedere sui banchi di scuola non aiuta le famiglie italiane a godersi le ferie. Per ovviare a questa &#8220;incompatibilit\u00e0&#8221; la Regione Friuli Venezia Giulia ha addirittura creato una legge regionale &#8220;ad hoc&#8221; che, dal prossimo anno, potrebbe portare alla chiusura degli istituti scolastici &#8220;per neve&#8221;.<\/p>\n<p>L&#8217;idea sarebbe quindi quella di fissare questa settimana di festa &#8220;forzata&#8221;, a febbraio, per consentire a chi lo desidera di andare a sciare, ovviamente sulle piste Friulane. Gi\u00e0 ma cosa c&#8217;entra tutto questo con la Liguria? In apparenza poco ma, visto che gli operatori turistici liguri lamentano da anni che il rientro a scuola a fine estate andrebbe posticipato per favorire il turismo al mare a settembre, abbiamo chiesto a due &#8220;esperti&#8221; del settore quale soluzione potrebbe essere adottata in Liguria.<\/p>\n<p>&#8220;Aumentare il tempo per le ferie a settembre delle famiglie italiane sarebbe fantastico per l&#8217;economia turistica marina del nostro territorio &#8211; osserva Angelo Galtieri, presidente dell&#8217;Upa -. Cos\u00ec come inserire una settimana di vacanza a febbraio aiuta il turismo montano, tornare sui banchi pi\u00f9 tardi nel periodo estivo gioverebbe alla nostra economia. Se si pensasse una qualche soluzione in questa direzione noi non potremmo che essere soddisfatti&#8221;.<\/p>\n<p>&#8220;Credo che il rientro dopo il 25 settembre a scuola potrebbe ridare un certo &#8216;appeal&#8217; turistico alla nostra regione e infatti noi abbiamo gi\u00e0 sollecitato pi\u00f9 volte decisioni in questa direzione. Insomma questo modello che si sta sviluppando per il turismo invernale sarebbe utilissimo anche per quello estivo ed \u00e8 da noi pienamente condiviso&#8221; conclude il presidente dell&#8217;Unione Provinciale Albergatori.<\/p>\n<p>&#8220;Diciamo che sarebbe interessante se una decisione del genere la prendessero il Piemonte e la Lombardia &#8211; spiega il candidato del centrosinistra alla poltrona di assessore del turismo della Regione, Angelo Berlangieri -. E&#8217; evidente che il turismo interno ligure \u00e8 molto limitato quindi il fatto di ritardare la ripresa delle lezioni per gli studenti della Liguria poco cambierebbe per la nostra economia turistica&#8221;.<\/p>\n<p>&#8220;Se invece fossero Piemonte e Lombardia, che rappresentano il vero &#8216;core business&#8217; del nostro turismo, a posticipare l&#8217;inizio delle scuole, anche solo di una settimana, allora sarebbe molto interessante. Ovviamente per\u00f2 queste Regioni pensano al loro interesse e quindi, visto che da loro il turismo invernale ha degli ottimi numeri, \u00e8 pi\u00f9 probabile che si preoccupino di programmare le vacanze in inverno&#8221; prosegue Berlangieri.<\/p>\n<p>&#8220;I Friulani hanno fatto molto bene a prendere una decisione del genere, ma se la Liguria ordinasse ai liguri di tornare a scuola pi\u00f9 tardi credo che poco cambierebbe per il turismo ma sarebbe piuttosto una mossa pubblicitaria un p\u00f2 fine a s\u00e8 stessa. Per\u00f2 ripeto ogni Regione guarda ai suoi interessi quindi \u00e8 difficile che Lombardia e Piemonte possano prendere dei provvedimenti tesi a favorire il turismo ligure&#8221; aggiunge l&#8217;ex direttore generale dell&#8217;Agenzia di Promozione Turistica per la Liguria<\/p>\n<p>&#8220;Si potrebbe tentare di trovare un accordo con il Piemonte magari, proporre una sorta di &#8216;scambio&#8217; che potrebbe portare i piemontesi al mare a settembre e i liguri in montagna d&#8217;inverno ma, ripeto, sarebbe molto difficile&#8221; conclude Angelo Berlangieri.<\/p>\n","protected":false},"excerpt":{"rendered":"<p>[thumb:3387:l]Liguria. Lezioni scolastiche e turismo. Una coppia che fatica ad andare d&#8217;accordo. Molto spesso infatti l&#8217;obbligo per i ragazzi di sedere sui banchi di scuola non aiuta le famiglie italiane a godersi le ferie. Per ovviare a questa &#8220;incompatibilit\u00e0&#8221; la Regione Friuli Venezia Giulia ha addirittura creato una legge regionale &#8220;ad hoc&#8221; che, dal prossimo [&hellip;]<\/p>\n","protected":false},"author":13744,"featured_media":0,"comment_status":"open","ping_status":"closed","sticky":false,"template":"","format":"standard","meta":{"footnotes":""},"categories":[35,31],"tags":[15517,5979,7936,5685,402,199,107,6191],"class_list":["post-81252","post","type-post","status-publish","format-standard","hentry","category-economia","category-politica","tag-angelo-berlangieri","tag-angelo-galtieri","tag-friuli-venezia-giulia","tag-lezioni","tag-mare","tag-scuola","tag-turismo","tag-upa","post_cat_citta-andora"],"amp_validity":null,"amp_enabled":true,"_links":{"self":[{"href":"https:\/\/staging.ivg.it\/ediapi\/wp\/v2\/posts\/81252","targetHints":{"allow":["GET"]}}],"collection":[{"href":"https:\/\/staging.ivg.it\/ediapi\/wp\/v2\/posts"}],"about":[{"href":"https:\/\/staging.ivg.it\/ediapi\/wp\/v2\/types\/post"}],"author":[{"embeddable":true,"href":"https:\/\/staging.ivg.it\/ediapi\/wp\/v2\/users\/13744"}],"replies":[{"embeddable":true,"href":"https:\/\/staging.ivg.it\/ediapi\/wp\/v2\/comments?post=81252"}],"version-history":[{"count":0,"href":"https:\/\/staging.ivg.it\/ediapi\/wp\/v2\/posts\/81252\/revisions"}],"wp:attachment":[{"href":"https:\/\/staging.ivg.it\/ediapi\/wp\/v2\/media?parent=81252"}],"wp:term":[{"taxonomy":"category","embeddable":true,"href":"https:\/\/staging.ivg.it\/ediapi\/wp\/v2\/categories?post=81252"},{"taxonomy":"post_tag","embeddable":true,"href":"https:\/\/staging.ivg.it\/ediapi\/wp\/v2\/tags?post=81252"}],"curies":[{"name":"wp","href":"https:\/\/api.w.org\/{rel}","templated":true}]}}