{"id":81251,"date":"2010-01-04T14:44:22","date_gmt":"2010-01-04T13:44:22","guid":{"rendered":"http:\/\/www.ivg.it\/2010\/01\/04\/danni-mareggiate-biasotti-intervenire-presto-e-bene\/"},"modified":"2010-01-04T14:44:22","modified_gmt":"2010-01-04T13:44:22","slug":"danni-mareggiate-biasotti-intervenire-presto-e-bene","status":"publish","type":"post","link":"https:\/\/staging.ivg.it\/2010\/01\/danni-mareggiate-biasotti-intervenire-presto-e-bene\/","title":{"rendered":"Danni mareggiate, Biasotti: &#8220;Intervenire presto e bene&#8221;"},"content":{"rendered":"<p>[thumb:4306:l]<strong>Liguria<\/strong>. &#8220;Intervenire presto e bene per risolvere l&#8217;emergenza, potendo contare sulla velocit\u00e0 d&#8217;azione del Governo, dimostrata in tutta Italia, Liguria compresa&#8221;. E&#8217; questo il pensiero del candidato del centrodestra alla presidenza della Regione Liguria Sandro Biasotti a proposito dei danni provocati dalle mareggiate.<\/p>\n<p>&#8220;Quello che ha flagellato le coste liguri &#8211; affferma Biasotti &#8211; \u00e8 un fenomeno naturale e prevedibile in una terra affacciata sul mare, ma soprattutto che si pu\u00f2 prevenire. Possiamo contare sulla professionalit\u00e0 della Protezione Civile e sul Governo. Poi, per\u00f2, deve arrivare il momento delle responsabilit\u00e0&#8221;. Biasotti lancia poi una proposta: dirottare sull&#8217;emergenza maltempo i soldi della pubblicit\u00e0 della Regione che in questi giorni coprono i cartelloni di tutta Genova.<\/p>\n<p>Per quanto riguarda la strategia futura, Biasotti afferma che occorre &#8220;ripartire con un piano organico della costa, cos\u00ec come un monitoraggio delle aree dell&#8217;entroterra a rischio frane&#8221; e annuncia che se sar\u00e0 eletto sar\u00e0 &#8220;una delle priorit\u00e0, da risolvere certamente prima dell&#8217;autunno&#8221; e con il coinvolgimento degli operatori della costa e delle associazioni sportive, cos\u00ec come, nell&#8217;entroterra, dei Comuni e Comunit\u00e0 Montane.<\/p>\n","protected":false},"excerpt":{"rendered":"<p>[thumb:4306:l]Liguria. &#8220;Intervenire presto e bene per risolvere l&#8217;emergenza, potendo contare sulla velocit\u00e0 d&#8217;azione del Governo, dimostrata in tutta Italia, Liguria compresa&#8221;. E&#8217; questo il pensiero del candidato del centrodestra alla presidenza della Regione Liguria Sandro Biasotti a proposito dei danni provocati dalle mareggiate. &#8220;Quello che ha flagellato le coste liguri &#8211; affferma Biasotti &#8211; \u00e8 [&hellip;]<\/p>\n","protected":false},"author":13744,"featured_media":0,"comment_status":"open","ping_status":"closed","sticky":false,"template":"","format":"standard","meta":{"footnotes":""},"categories":[31],"tags":[3294,1757,393,6055,2878],"class_list":["post-81251","post","type-post","status-publish","format-standard","hentry","category-politica","tag-danni","tag-intervento","tag-liguria","tag-mareggiate","tag-sandro-biasotti","post_cat_citta-andora"],"amp_validity":null,"amp_enabled":true,"_links":{"self":[{"href":"https:\/\/staging.ivg.it\/ediapi\/wp\/v2\/posts\/81251","targetHints":{"allow":["GET"]}}],"collection":[{"href":"https:\/\/staging.ivg.it\/ediapi\/wp\/v2\/posts"}],"about":[{"href":"https:\/\/staging.ivg.it\/ediapi\/wp\/v2\/types\/post"}],"author":[{"embeddable":true,"href":"https:\/\/staging.ivg.it\/ediapi\/wp\/v2\/users\/13744"}],"replies":[{"embeddable":true,"href":"https:\/\/staging.ivg.it\/ediapi\/wp\/v2\/comments?post=81251"}],"version-history":[{"count":0,"href":"https:\/\/staging.ivg.it\/ediapi\/wp\/v2\/posts\/81251\/revisions"}],"wp:attachment":[{"href":"https:\/\/staging.ivg.it\/ediapi\/wp\/v2\/media?parent=81251"}],"wp:term":[{"taxonomy":"category","embeddable":true,"href":"https:\/\/staging.ivg.it\/ediapi\/wp\/v2\/categories?post=81251"},{"taxonomy":"post_tag","embeddable":true,"href":"https:\/\/staging.ivg.it\/ediapi\/wp\/v2\/tags?post=81251"}],"curies":[{"name":"wp","href":"https:\/\/api.w.org\/{rel}","templated":true}]}}