{"id":81232,"date":"2010-01-04T10:10:11","date_gmt":"2010-01-04T09:10:11","guid":{"rendered":"http:\/\/www.ivg.it\/2010\/01\/04\/albenga-al-san-carlo-proiezione-dedicata-alla-commedia-delle-sorelle-croce\/"},"modified":"2010-01-04T10:10:11","modified_gmt":"2010-01-04T09:10:11","slug":"albenga-al-san-carlo-proiezione-dedicata-alla-commedia-delle-sorelle-croce","status":"publish","type":"post","link":"https:\/\/staging.ivg.it\/2010\/01\/albenga-al-san-carlo-proiezione-dedicata-alla-commedia-delle-sorelle-croce\/","title":{"rendered":"Albenga, al San Carlo proiezione dedicata alla commedia delle sorelle Croce"},"content":{"rendered":"<p>[thumb:4885:l]<strong>Albenga<\/strong>. Marted\u00ec 5 gennaio, alle ore 20,30, presso l&#8217;Auditorium San Carlo di Albenga verr\u00e0 proiettata la commedia brillante &#8220;Le Primavere&#8221; delle sorelle Croce. La proiezione sar\u00e0 inoltre replicata anche il giorno seguente, mercoled\u00ec 6 gennaio, alle 15,30. L&#8217;iniziativa, patrocinata dal Comune di Albenga, \u00e8 curata dall&#8217;Associazione &#8220;Veggia Arbenga&#8221;. L&#8217;ingresso \u00e8 libero.<\/p>\n<p>La compagnia teatrale messa in scena dalle sorelle Adriana e Emma Croce dal 1990 ha deliziato l&#8217;albenganese con la presentazione di commedie brillanti ambientate nel dianese (Adriana e Emma erano natie di Diano Marina). Ma le sorelle Croce non erano l&#8217;immagine della societ\u00e0 frivola ed egoista di allora, erano invece dedite a molte forme di volontariato e di assistenza ai bisognosi, soprattutto Adriana, insignita con il &#8220;Diano d&#8217;Oro&#8221; dal Comune di Diano Marina, per alti meriti teatrali, \u00e8 stata inoltre nominata &#8220;socia onoraria&#8221; dalla Croce Bianca di Albenga, dalla &#8220;Vecchia Albenga&#8221;, dall&#8217;Unitre.<\/p>\n<p>Ma Emma non \u00e8 stata da meno, la sua vocazione principale \u00e8 stata quella religiosa, prende i voti da terziaria francescana, insegna la dottrina ai bimbi albenganesi, molto noto il sua impegno nell&#8217;Azione Cattolica Albenganese. Il nipote Roberto ha scovato nei cassettini dei ricordi delle zie (come si usa dire nelle trasmissioni T.V.) vecchi filmati amatoriali, i pi\u00f9 recuperabili sono stati trasferiti su dvd.<\/p>\n<p>Dopo tutto questo lavorio, l&#8217;Associazione &#8220;Vecchia Albenga&#8221;, per onorare la memorie delle sorelle Croce, ha quindi deciso di proiettare la prima delle commedie &#8220;A spusammu u Ninucciu&#8221; del 1996. L&#8217;associazione, proponendo queste riedizioni de Le Primavere \u00e8 certa di fare cosa gradita a colori che hanno avuto il piacere di assaporare le loro gag teatrali, ma con l&#8217;impegno  di muoversi verso altre iniziative e proseguire nella ricerca di altri reperti interessanti che fanno il bagaglio di spensieratezza e cultura dei nostri padri.<\/p>\n","protected":false},"excerpt":{"rendered":"<p>[thumb:4885:l]Albenga. Marted\u00ec 5 gennaio, alle ore 20,30, presso l&#8217;Auditorium San Carlo di Albenga verr\u00e0 proiettata la commedia brillante &#8220;Le Primavere&#8221; delle sorelle Croce. La proiezione sar\u00e0 inoltre replicata anche il giorno seguente, mercoled\u00ec 6 gennaio, alle 15,30. L&#8217;iniziativa, patrocinata dal Comune di Albenga, \u00e8 curata dall&#8217;Associazione &#8220;Veggia Arbenga&#8221;. L&#8217;ingresso \u00e8 libero. La compagnia teatrale messa [&hellip;]<\/p>\n","protected":false},"author":13744,"featured_media":0,"comment_status":"open","ping_status":"closed","sticky":false,"template":"","format":"standard","meta":{"footnotes":""},"categories":[],"tags":[85841,86131,3943,4285],"class_list":["post-81232","post","type-post","status-publish","format-standard","hentry","tag-albenga","tag-auditorium-san-carlo","tag-commedia","tag-proiezione","post_cat_citta-albenga"],"amp_validity":null,"amp_enabled":true,"_links":{"self":[{"href":"https:\/\/staging.ivg.it\/ediapi\/wp\/v2\/posts\/81232","targetHints":{"allow":["GET"]}}],"collection":[{"href":"https:\/\/staging.ivg.it\/ediapi\/wp\/v2\/posts"}],"about":[{"href":"https:\/\/staging.ivg.it\/ediapi\/wp\/v2\/types\/post"}],"author":[{"embeddable":true,"href":"https:\/\/staging.ivg.it\/ediapi\/wp\/v2\/users\/13744"}],"replies":[{"embeddable":true,"href":"https:\/\/staging.ivg.it\/ediapi\/wp\/v2\/comments?post=81232"}],"version-history":[{"count":0,"href":"https:\/\/staging.ivg.it\/ediapi\/wp\/v2\/posts\/81232\/revisions"}],"wp:attachment":[{"href":"https:\/\/staging.ivg.it\/ediapi\/wp\/v2\/media?parent=81232"}],"wp:term":[{"taxonomy":"category","embeddable":true,"href":"https:\/\/staging.ivg.it\/ediapi\/wp\/v2\/categories?post=81232"},{"taxonomy":"post_tag","embeddable":true,"href":"https:\/\/staging.ivg.it\/ediapi\/wp\/v2\/tags?post=81232"}],"curies":[{"name":"wp","href":"https:\/\/api.w.org\/{rel}","templated":true}]}}