{"id":81231,"date":"2010-01-04T09:52:08","date_gmt":"2010-01-04T08:52:08","guid":{"rendered":"http:\/\/www.ivg.it\/2010\/01\/04\/don-luciano-lavvocato-chirivi-ricorso-al-tribunale-del-riesame-per-scarcerazione\/"},"modified":"2010-01-04T15:29:33","modified_gmt":"2010-01-04T14:29:33","slug":"don-luciano-lavvocato-chirivi-ricorso-al-tribunale-del-riesame-per-scarcerazione","status":"publish","type":"post","link":"https:\/\/staging.ivg.it\/2010\/01\/don-luciano-lavvocato-chirivi-ricorso-al-tribunale-del-riesame-per-scarcerazione\/","title":{"rendered":"Don Luciano, Chiriv\u00ec: &#8220;Ricorso al Tribunale del Riesame per scarcerazione&#8221;"},"content":{"rendered":"<p>[thumb:15945:l]E&#8217; allibito Don Luciano, per le accuse infamanti che lo tengono in carcere. A riferirlo \u00e8 il suo avvocato, Alessandro Chiriv\u00ec, che conta di fargli visita il prima possibile (domani o dopodomani al massimo) al penitenziario di Chiavari in cui \u00e8 rinchiuso da giorni.<\/p>\n<p>Nella sua cella di 15 metri quadrati, che condivide con altre otto persone, Don Luciano si affida alla fede. &#8220;Prega sempre e cerca conforto in quanti credono in lui &#8211; dice Chiriv\u00ec -. La comunicazione ufficiale e cartacea in base alla quale il gip ha rigettato la nostra richiesta di scarcerazione deve ancora arrivarmi via posta, ma non \u00e8 certo la notizia che speravamo. Comunque ho depositato ricorso presso il Tribunale del Riesame di Genova. Entro quindici giorni verr\u00e0 dunque fissata un&#8217;udienza in cui si discuter\u00e0 se esistano o meno le esigenze cautelari&#8221;.<\/p>\n<p>Ad accusare il parroco di Alassio \u00e8 una bambina di 11 anni, che ha raccontato di rapporti &#8220;ravvicinati&#8221; con Don Luciano in pi\u00f9 di un&#8217;occasione. Uno sarebbe avvenuto su uno scooter, un altro nella biblioteca dell&#8217;ufficio parrocchiale e il terzo nella baracca dell&#8217;orto di propriet\u00e0 del sacerdote dove il parroco avrebbe fatto giurare all&#8217;undicenne, in un momento di intimit\u00e0, di non raccontare nulla dei loro incontri proibiti.<\/p>\n<p>&#8220;Sull&#8217;attendibilit\u00e0 dei racconti della bambina ci sono molti dubbi&#8221;, taglia corto Chiriv\u00ec.<\/p>\n","protected":false},"excerpt":{"rendered":"<p>[thumb:15945:l]E&#8217; allibito Don Luciano, per le accuse infamanti che lo tengono in carcere. A riferirlo \u00e8 il suo avvocato, Alessandro Chiriv\u00ec, che conta di fargli visita il prima possibile (domani o dopodomani al massimo) al penitenziario di Chiavari in cui \u00e8 rinchiuso da giorni. Nella sua cella di 15 metri quadrati, che condivide con altre [&hellip;]<\/p>\n","protected":false},"author":5,"featured_media":0,"comment_status":"open","ping_status":"closed","sticky":false,"template":"","format":"standard","meta":{"footnotes":""},"categories":[34],"tags":[85824,16629,2394,10426,16726,2427,16776,16775,1929],"class_list":["post-81231","post","type-post","status-publish","format-standard","hentry","category-cronaca","tag-alassio","tag-alessandro-chirivi","tag-carcere","tag-chiavari","tag-don-luciano","tag-pedofilia","tag-scarcerazione","tag-tribunale-riesame","tag-violenza-sessuale","post_cat_citta-alassio"],"amp_validity":null,"amp_enabled":true,"_links":{"self":[{"href":"https:\/\/staging.ivg.it\/ediapi\/wp\/v2\/posts\/81231","targetHints":{"allow":["GET"]}}],"collection":[{"href":"https:\/\/staging.ivg.it\/ediapi\/wp\/v2\/posts"}],"about":[{"href":"https:\/\/staging.ivg.it\/ediapi\/wp\/v2\/types\/post"}],"author":[{"embeddable":true,"href":"https:\/\/staging.ivg.it\/ediapi\/wp\/v2\/users\/5"}],"replies":[{"embeddable":true,"href":"https:\/\/staging.ivg.it\/ediapi\/wp\/v2\/comments?post=81231"}],"version-history":[{"count":0,"href":"https:\/\/staging.ivg.it\/ediapi\/wp\/v2\/posts\/81231\/revisions"}],"wp:attachment":[{"href":"https:\/\/staging.ivg.it\/ediapi\/wp\/v2\/media?parent=81231"}],"wp:term":[{"taxonomy":"category","embeddable":true,"href":"https:\/\/staging.ivg.it\/ediapi\/wp\/v2\/categories?post=81231"},{"taxonomy":"post_tag","embeddable":true,"href":"https:\/\/staging.ivg.it\/ediapi\/wp\/v2\/tags?post=81231"}],"curies":[{"name":"wp","href":"https:\/\/api.w.org\/{rel}","templated":true}]}}