{"id":81228,"date":"2010-01-04T09:20:33","date_gmt":"2010-01-04T08:20:33","guid":{"rendered":"http:\/\/www.ivg.it\/2010\/01\/04\/pietra-lultimo-film-di-verdone-inaugura-la-nuova-gestione-del-cinema\/"},"modified":"2010-01-04T12:10:35","modified_gmt":"2010-01-04T11:10:35","slug":"pietra-lultimo-film-di-verdone-inaugura-la-nuova-gestione-del-cinema","status":"publish","type":"post","link":"https:\/\/staging.ivg.it\/2010\/01\/pietra-lultimo-film-di-verdone-inaugura-la-nuova-gestione-del-cinema\/","title":{"rendered":"Pietra, l&#8217;ultimo film di Verdone &#8220;inaugura&#8221; la nuova gestione del Cinema"},"content":{"rendered":"<p>[thumb:15938:l]<strong>Pietra L<\/strong>. La guida al timone del Cinema-Teatro Comunale di Pietra Ligure \u00e8 cambiata. In occasione dell&#8217;inaugurazione della nuova gestione, adesso a cura della Ondina Sas, marted\u00ec 5 gennaio, verr\u00e0 proposta la visione del nuovo film diretto e interpretato da Carlo Verdone &#8220;Io, loro e lara&#8221; in uscita in tutta Italia proprio il 5.<\/p>\n<p>Gli spettacoli verranno proiettati alle ore 20,30 e alle 22,30 e il biglietto d&#8217;ingresso \u00e8 stato fissato a 5 euro per tutti. Agli spettatori sar\u00e0 anche offerto un drink pre-spettacolo.<\/p>\n<p>[image:15938:c]<\/p>\n","protected":false},"excerpt":{"rendered":"<p>[thumb:15938:l]Pietra L. La guida al timone del Cinema-Teatro Comunale di Pietra Ligure \u00e8 cambiata. In occasione dell&#8217;inaugurazione della nuova gestione, adesso a cura della Ondina Sas, marted\u00ec 5 gennaio, verr\u00e0 proposta la visione del nuovo film diretto e interpretato da Carlo Verdone &#8220;Io, loro e lara&#8221; in uscita in tutta Italia proprio il 5. Gli [&hellip;]<\/p>\n","protected":false},"author":13744,"featured_media":0,"comment_status":"open","ping_status":"closed","sticky":false,"template":"","format":"standard","meta":{"footnotes":""},"categories":[],"tags":[85830],"class_list":["post-81228","post","type-post","status-publish","format-standard","hentry","tag-pietra-ligure","post_cat_citta-pietra-ligure"],"amp_validity":null,"amp_enabled":true,"_links":{"self":[{"href":"https:\/\/staging.ivg.it\/ediapi\/wp\/v2\/posts\/81228","targetHints":{"allow":["GET"]}}],"collection":[{"href":"https:\/\/staging.ivg.it\/ediapi\/wp\/v2\/posts"}],"about":[{"href":"https:\/\/staging.ivg.it\/ediapi\/wp\/v2\/types\/post"}],"author":[{"embeddable":true,"href":"https:\/\/staging.ivg.it\/ediapi\/wp\/v2\/users\/13744"}],"replies":[{"embeddable":true,"href":"https:\/\/staging.ivg.it\/ediapi\/wp\/v2\/comments?post=81228"}],"version-history":[{"count":0,"href":"https:\/\/staging.ivg.it\/ediapi\/wp\/v2\/posts\/81228\/revisions"}],"wp:attachment":[{"href":"https:\/\/staging.ivg.it\/ediapi\/wp\/v2\/media?parent=81228"}],"wp:term":[{"taxonomy":"category","embeddable":true,"href":"https:\/\/staging.ivg.it\/ediapi\/wp\/v2\/categories?post=81228"},{"taxonomy":"post_tag","embeddable":true,"href":"https:\/\/staging.ivg.it\/ediapi\/wp\/v2\/tags?post=81228"}],"curies":[{"name":"wp","href":"https:\/\/api.w.org\/{rel}","templated":true}]}}