{"id":81182,"date":"2010-01-02T11:13:41","date_gmt":"2010-01-02T10:13:41","guid":{"rendered":"http:\/\/www.ivg.it\/2010\/01\/02\/altare-ultimi-giorni-per-visitare-la-mostra-natale-sottovetro\/"},"modified":"2010-01-02T11:13:41","modified_gmt":"2010-01-02T10:13:41","slug":"altare-ultimi-giorni-per-visitare-la-mostra-natale-sottovetro","status":"publish","type":"post","link":"https:\/\/staging.ivg.it\/2010\/01\/altare-ultimi-giorni-per-visitare-la-mostra-natale-sottovetro\/","title":{"rendered":"Altare, ultimi giorni per visitare la mostra &#8220;Natale Sottovetro&#8221;"},"content":{"rendered":"<p>[thumb:11364:l]<strong>Altare<\/strong>. Restano ancora pochi giorni per visitare la mostra &#8220;Natale Sottovetro&#8221;, allestita presso il Museo del Vetro di Villa Rosa ad Altare, che si concluder\u00e0 il 6 gennaio. Si tratta di una collettiva che comprende le opere di pi\u00f9 di 30 artisti provenienti da ogni parte d&#8217;Italia. Il filo conduttore \u00e8 il Natale, tema declinato da ogni autore in modo assolutamente originale.<\/p>\n<p>La mostra collettiva &#8220;Natale Sottovetro&#8221;, organizzata dalla Pro Loco di Altare rester\u00e0 appunto aperta al pubblico fino al 6 gennaio 2010 con i seguenti orari: dal marted\u00ec alla domenica dalle ore 16 alle 19. Il sabato dalle ore 15 alle 19.<\/p>\n","protected":false},"excerpt":{"rendered":"<p>[thumb:11364:l]Altare. Restano ancora pochi giorni per visitare la mostra &#8220;Natale Sottovetro&#8221;, allestita presso il Museo del Vetro di Villa Rosa ad Altare, che si concluder\u00e0 il 6 gennaio. Si tratta di una collettiva che comprende le opere di pi\u00f9 di 30 artisti provenienti da ogni parte d&#8217;Italia. Il filo conduttore \u00e8 il Natale, tema declinato [&hellip;]<\/p>\n","protected":false},"author":13744,"featured_media":0,"comment_status":"open","ping_status":"closed","sticky":false,"template":"","format":"standard","meta":{"footnotes":""},"categories":[],"tags":[85871,389,15540,8137],"class_list":["post-81182","post","type-post","status-publish","format-standard","hentry","tag-altare","tag-mostre-darte","tag-natale-sottovetro","tag-villa-rosa","post_cat_citta-altare"],"amp_validity":null,"amp_enabled":true,"_links":{"self":[{"href":"https:\/\/staging.ivg.it\/ediapi\/wp\/v2\/posts\/81182","targetHints":{"allow":["GET"]}}],"collection":[{"href":"https:\/\/staging.ivg.it\/ediapi\/wp\/v2\/posts"}],"about":[{"href":"https:\/\/staging.ivg.it\/ediapi\/wp\/v2\/types\/post"}],"author":[{"embeddable":true,"href":"https:\/\/staging.ivg.it\/ediapi\/wp\/v2\/users\/13744"}],"replies":[{"embeddable":true,"href":"https:\/\/staging.ivg.it\/ediapi\/wp\/v2\/comments?post=81182"}],"version-history":[{"count":0,"href":"https:\/\/staging.ivg.it\/ediapi\/wp\/v2\/posts\/81182\/revisions"}],"wp:attachment":[{"href":"https:\/\/staging.ivg.it\/ediapi\/wp\/v2\/media?parent=81182"}],"wp:term":[{"taxonomy":"category","embeddable":true,"href":"https:\/\/staging.ivg.it\/ediapi\/wp\/v2\/categories?post=81182"},{"taxonomy":"post_tag","embeddable":true,"href":"https:\/\/staging.ivg.it\/ediapi\/wp\/v2\/tags?post=81182"}],"curies":[{"name":"wp","href":"https:\/\/api.w.org\/{rel}","templated":true}]}}