{"id":80987,"date":"2009-12-28T10:57:50","date_gmt":"2009-12-28T09:57:50","guid":{"rendered":"http:\/\/www.ivg.it\/2009\/12\/28\/domande-di-invalidita-civile-le-nuove-regole\/"},"modified":"2009-12-28T10:57:50","modified_gmt":"2009-12-28T09:57:50","slug":"domande-di-invalidita-civile-le-nuove-regole","status":"publish","type":"post","link":"https:\/\/staging.ivg.it\/2009\/12\/domande-di-invalidita-civile-le-nuove-regole\/","title":{"rendered":"Domande di invalidit\u00e0 civile: le nuove regole"},"content":{"rendered":"<p>[thumb:986:l]<strong>Savona<\/strong>. Dal 1 gennaio 2010 non sar\u00e0 pi\u00f9 possibile presentare le domande per riconoscimento di invalidit\u00e0 civile all&#8217;Asl2. Pertanto le domande pervenute a mezzo posta saranno restituite al mittente.<\/p>\n<p>Le domande dovranno invece essere corredate del certificato medico e presentate per via telematica all&#8217;Inps, su modulistica scaricabile dal sito www.inps.it ove verr\u00e0 fornito un numero PIN per accedere al programma.<br \/>\nInoltre le domande stesse potranno essere presentate anche tramite i Patronati e le Associazioni di categoria degli invalidi civili.<\/p>\n<p>La documentazione specialistica (cartelle cliniche, visite mediche, esami di laboratorio, radiografie, ecc.) dovr\u00e0 essere presentata all&#8217;atto della visita medica, che verr\u00e0 eseguita sempre nella Asl.<\/p>\n","protected":false},"excerpt":{"rendered":"<p>[thumb:986:l]Savona. Dal 1 gennaio 2010 non sar\u00e0 pi\u00f9 possibile presentare le domande per riconoscimento di invalidit\u00e0 civile all&#8217;Asl2. Pertanto le domande pervenute a mezzo posta saranno restituite al mittente. Le domande dovranno invece essere corredate del certificato medico e presentate per via telematica all&#8217;Inps, su modulistica scaricabile dal sito www.inps.it ove verr\u00e0 fornito un numero [&hellip;]<\/p>\n","protected":false},"author":5,"featured_media":0,"comment_status":"open","ping_status":"closed","sticky":false,"template":"","format":"standard","meta":{"footnotes":""},"categories":[],"tags":[9032,2970,16547],"class_list":["post-80987","post","type-post","status-publish","format-standard","hentry","tag-asl2","tag-inps","tag-invalidita-civile"],"amp_validity":null,"amp_enabled":true,"_links":{"self":[{"href":"https:\/\/staging.ivg.it\/ediapi\/wp\/v2\/posts\/80987","targetHints":{"allow":["GET"]}}],"collection":[{"href":"https:\/\/staging.ivg.it\/ediapi\/wp\/v2\/posts"}],"about":[{"href":"https:\/\/staging.ivg.it\/ediapi\/wp\/v2\/types\/post"}],"author":[{"embeddable":true,"href":"https:\/\/staging.ivg.it\/ediapi\/wp\/v2\/users\/5"}],"replies":[{"embeddable":true,"href":"https:\/\/staging.ivg.it\/ediapi\/wp\/v2\/comments?post=80987"}],"version-history":[{"count":0,"href":"https:\/\/staging.ivg.it\/ediapi\/wp\/v2\/posts\/80987\/revisions"}],"wp:attachment":[{"href":"https:\/\/staging.ivg.it\/ediapi\/wp\/v2\/media?parent=80987"}],"wp:term":[{"taxonomy":"category","embeddable":true,"href":"https:\/\/staging.ivg.it\/ediapi\/wp\/v2\/categories?post=80987"},{"taxonomy":"post_tag","embeddable":true,"href":"https:\/\/staging.ivg.it\/ediapi\/wp\/v2\/tags?post=80987"}],"curies":[{"name":"wp","href":"https:\/\/api.w.org\/{rel}","templated":true}]}}