{"id":80790,"date":"2009-12-21T18:21:50","date_gmt":"2009-12-21T17:21:50","guid":{"rendered":"http:\/\/www.ivg.it\/?p=80790"},"modified":"2009-12-22T10:14:14","modified_gmt":"2009-12-22T09:14:14","slug":"regionali-biasotti-se-saro-eletto-il-santa-corona-tornera-azienda-sanitaria","status":"publish","type":"post","link":"https:\/\/staging.ivg.it\/2009\/12\/regionali-biasotti-se-saro-eletto-il-santa-corona-tornera-azienda-sanitaria\/","title":{"rendered":"Regionali, Biasotti: &#8220;Se sar\u00f2 eletto il Santa Corona torner\u00e0 azienda sanitaria&#8221;"},"content":{"rendered":"<p>[thumb:12609:l]<strong>Savona.<\/strong> Nel corso dell&#8217;apertura del point elettorale di Savona in vista delle elezioni regionali del prossimo marzo, l&#8217;onorevole Sandro Biasotti, ha parlato della questione Santa Corona: &#8220;Il nosocomio pietrese, penalizzato dalla giunta Burlando, torner\u00e0 ad avere piena autonomia, cos\u00ec come era prima dell&#8217;accorpamento con la Asl 2 voluto dal piano di riordino sanitario&#8221;.<\/p>\n<p>Biasotti ha poi parlato di un altro tema caldo per la Provincia, ovvero la questione Tirreno Power: &#8220;Non sono convinto sul progetto di ampliamento della centrale di Vado Ligure, per\u00f2 se sar\u00f2 eletto presidente mi impegner\u00f2 per studiare al meglio il progetto e decider\u00f2 favorevolmente solo nel caso ci sia un convincimento tecnico e scientifico sulle emissioni&#8221;.<\/p>\n","protected":false},"excerpt":{"rendered":"<p>[thumb:12609:l]Savona. Nel corso dell&#8217;apertura del point elettorale di Savona in vista delle elezioni regionali del prossimo marzo, l&#8217;onorevole Sandro Biasotti, ha parlato della questione Santa Corona: &#8220;Il nosocomio pietrese, penalizzato dalla giunta Burlando, torner\u00e0 ad avere piena autonomia, cos\u00ec come era prima dell&#8217;accorpamento con la Asl 2 voluto dal piano di riordino sanitario&#8221;. Biasotti ha [&hellip;]<\/p>\n","protected":false},"author":1385,"featured_media":0,"comment_status":"open","ping_status":"closed","sticky":false,"template":"","format":"standard","meta":{"footnotes":""},"categories":[31],"tags":[3425,2854,2028,304,1593,218,2676,2397,1244,375,2878,302,3931,85979],"class_list":["post-80790","post","type-post","status-publish","format-standard","hentry","category-politica","tag-ampliamento","tag-autonomia","tag-biasotti","tag-burlando","tag-centrale","tag-elezioni","tag-emissioni","tag-presidente","tag-progetto","tag-provincia","tag-sandro-biasotti","tag-santa-corona","tag-tirreno-power","tag-vado-ligure","post_cat_citta-pietra-ligure","post_cat_citta-savona"],"amp_validity":null,"amp_enabled":true,"_links":{"self":[{"href":"https:\/\/staging.ivg.it\/ediapi\/wp\/v2\/posts\/80790","targetHints":{"allow":["GET"]}}],"collection":[{"href":"https:\/\/staging.ivg.it\/ediapi\/wp\/v2\/posts"}],"about":[{"href":"https:\/\/staging.ivg.it\/ediapi\/wp\/v2\/types\/post"}],"author":[{"embeddable":true,"href":"https:\/\/staging.ivg.it\/ediapi\/wp\/v2\/users\/1385"}],"replies":[{"embeddable":true,"href":"https:\/\/staging.ivg.it\/ediapi\/wp\/v2\/comments?post=80790"}],"version-history":[{"count":0,"href":"https:\/\/staging.ivg.it\/ediapi\/wp\/v2\/posts\/80790\/revisions"}],"wp:attachment":[{"href":"https:\/\/staging.ivg.it\/ediapi\/wp\/v2\/media?parent=80790"}],"wp:term":[{"taxonomy":"category","embeddable":true,"href":"https:\/\/staging.ivg.it\/ediapi\/wp\/v2\/categories?post=80790"},{"taxonomy":"post_tag","embeddable":true,"href":"https:\/\/staging.ivg.it\/ediapi\/wp\/v2\/tags?post=80790"}],"curies":[{"name":"wp","href":"https:\/\/api.w.org\/{rel}","templated":true}]}}