{"id":80774,"date":"2009-12-21T15:40:05","date_gmt":"2009-12-21T14:40:05","guid":{"rendered":"http:\/\/www.ivg.it\/2009\/12\/21\/cairo-lassessore-caruso-si-dimette-il-sindaco-assumera-le-deleghe-vacanti\/"},"modified":"2009-12-21T17:18:51","modified_gmt":"2009-12-21T16:18:51","slug":"cairo-lassessore-caruso-si-dimette-il-sindaco-assumera-le-deleghe-vacanti","status":"publish","type":"post","link":"https:\/\/staging.ivg.it\/2009\/12\/cairo-lassessore-caruso-si-dimette-il-sindaco-assumera-le-deleghe-vacanti\/","title":{"rendered":"Cairo, l&#8217;assessore Caruso si dimette: il sindaco assumer\u00e0 deleghe vacanti"},"content":{"rendered":"<p>[thumb:4037:l]<strong>Cairo M<\/strong>. Franco Caruso, il funzionario dell&#8217;Asl 2 finito in manette con l&#8217;accusa di aver incassato delle tangenti, si \u00e8 dimesso oggi da ogni carica assunta presso l&#8217;amministrazione comunale cairese, in cui era assessore. Il cinquantasettenne lo ha comunicato con una lettera di dimissioni consegnata al proprio legale Simona Perrone, che l&#8217;ha recapitata al sindaco di Cairo nel primo pomeriggio di oggi.<\/p>\n<p>&#8220;Allo stato ritengo che, contrariamente a quanto apparso su alcuni organi di stampa, non sia opportuna la nomina di alcun assessore in sostituzione per cui assumer\u00f2 in prima persona le deleghe all&#8217;edilizia privata avendo Caruso gi\u00e0 rimesso da tempo quella all&#8217;Industria. Ogni ulteriore voce o toto-nomina \u00e8 oggi frutto di pura invenzione&#8221; spiega il sindaco Fulvio Briano.<\/p>\n<p>&#8220;Nella serata di oggi \u00e8 stata in ogni caso convocata una riunione di maggioranza in cui verr\u00e0 trattato l&#8217;argomento e da cui trarr\u00f2 idonee indicazioni. Pur nel rispetto dei diversi ruoli, \u00e8 comunque mia intenzione ascoltare nei prossimi giorni anche il capogruppo di minoranza Carlo Barlocco anche nel rispetto della collaborazione amministrativa che negli ultimi tempi ci ha visto assumere molte decisioni in forma concertata&#8221; conclude il primo cittadino cairese.<\/p>\n","protected":false},"excerpt":{"rendered":"<p>[thumb:4037:l]Cairo M. Franco Caruso, il funzionario dell&#8217;Asl 2 finito in manette con l&#8217;accusa di aver incassato delle tangenti, si \u00e8 dimesso oggi da ogni carica assunta presso l&#8217;amministrazione comunale cairese, in cui era assessore. Il cinquantasettenne lo ha comunicato con una lettera di dimissioni consegnata al proprio legale Simona Perrone, che l&#8217;ha recapitata al sindaco [&hellip;]<\/p>\n","protected":false},"author":13744,"featured_media":0,"comment_status":"open","ping_status":"closed","sticky":false,"template":"","format":"standard","meta":{"footnotes":""},"categories":[34,31],"tags":[151,1641,1469,2771],"class_list":["post-80774","post","type-post","status-publish","format-standard","hentry","category-cronaca","category-politica","tag-cairo","tag-caruso","tag-dimissioni","tag-fulvio-briano","post_cat_citta-cairo-montenotte"],"amp_validity":null,"amp_enabled":true,"_links":{"self":[{"href":"https:\/\/staging.ivg.it\/ediapi\/wp\/v2\/posts\/80774","targetHints":{"allow":["GET"]}}],"collection":[{"href":"https:\/\/staging.ivg.it\/ediapi\/wp\/v2\/posts"}],"about":[{"href":"https:\/\/staging.ivg.it\/ediapi\/wp\/v2\/types\/post"}],"author":[{"embeddable":true,"href":"https:\/\/staging.ivg.it\/ediapi\/wp\/v2\/users\/13744"}],"replies":[{"embeddable":true,"href":"https:\/\/staging.ivg.it\/ediapi\/wp\/v2\/comments?post=80774"}],"version-history":[{"count":0,"href":"https:\/\/staging.ivg.it\/ediapi\/wp\/v2\/posts\/80774\/revisions"}],"wp:attachment":[{"href":"https:\/\/staging.ivg.it\/ediapi\/wp\/v2\/media?parent=80774"}],"wp:term":[{"taxonomy":"category","embeddable":true,"href":"https:\/\/staging.ivg.it\/ediapi\/wp\/v2\/categories?post=80774"},{"taxonomy":"post_tag","embeddable":true,"href":"https:\/\/staging.ivg.it\/ediapi\/wp\/v2\/tags?post=80774"}],"curies":[{"name":"wp","href":"https:\/\/api.w.org\/{rel}","templated":true}]}}