{"id":80641,"date":"2009-12-18T14:49:42","date_gmt":"2009-12-18T13:49:42","guid":{"rendered":"http:\/\/www.ivg.it\/2009\/12\/18\/regione-auguri-via-web-iniziativa-solidale-pro-unicef\/"},"modified":"2009-12-18T14:49:42","modified_gmt":"2009-12-18T13:49:42","slug":"regione-auguri-via-web-iniziativa-solidale-pro-unicef","status":"publish","type":"post","link":"https:\/\/staging.ivg.it\/2009\/12\/regione-auguri-via-web-iniziativa-solidale-pro-unicef\/","title":{"rendered":"Regione, auguri via web: iniziativa solidale pro Unicef"},"content":{"rendered":"<p>[thumb:12017:l]<strong>Regione<\/strong>. Auguri natalizi via web per sostenere l&#8217;attivit\u00e0 dell&#8217;Unicef. Da domani, sul sito istituzionale www.regione.liguria.it sar\u00e0 possibile scaricare biglietti d&#8217;auguri da inviare per posta elettronica e contribuire a sostenere e divulgare l&#8217;attivit\u00e0 dell&#8217;organizzazione che si batte per i diritti dei bambini in tutto il mondo.<\/p>\n<p>Su proposta del vicepresidente della Regione Massimiliano Costa, la giunta ha quindi approvato questa mattina una delibera che da il via ad un&#8217;iniziativa di solidariet\u00e0 che permette di scambiarsi gli auguri senza dimenticare i bambini che vivono in condizioni di povert\u00e0 e di disagio. I biglietti scaricati, infatti, verranno conteggiati e, in base al numero raggiunto, la Regione provveder\u00e0 a fare una donazione all&#8217;Unicef finanziando il progetto &#8220;Scuole per l&#8217;Africa&#8221;.<\/p>\n<p>&#8220;Si tratta &#8211; spiega Costa &#8211; di un&#8217;iniziativa che s&#8217;inquadra negli interventi che la Liguria realizza a favore dei Paesi in via di sviluppo, che comprendono anche azioni e iniziative finalizzate a sensibilizzare i cittadini sui temi della mondialit\u00e0 e della solidariet\u00e0 internazionale. In pi\u00f9, pu\u00f2 essere sicuramente un bel modo per scambiarsi gli auguri&#8221;.<\/p>\n","protected":false},"excerpt":{"rendered":"<p>[thumb:12017:l]Regione. Auguri natalizi via web per sostenere l&#8217;attivit\u00e0 dell&#8217;Unicef. Da domani, sul sito istituzionale www.regione.liguria.it sar\u00e0 possibile scaricare biglietti d&#8217;auguri da inviare per posta elettronica e contribuire a sostenere e divulgare l&#8217;attivit\u00e0 dell&#8217;organizzazione che si batte per i diritti dei bambini in tutto il mondo. Su proposta del vicepresidente della Regione Massimiliano Costa, la giunta [&hellip;]<\/p>\n","protected":false},"author":13744,"featured_media":0,"comment_status":"open","ping_status":"closed","sticky":false,"template":"","format":"standard","meta":{"footnotes":""},"categories":[31],"tags":[5312,295,798,2216,2506],"class_list":["post-80641","post","type-post","status-publish","format-standard","hentry","category-politica","tag-auguri","tag-regione","tag-solidarieta","tag-unicef","tag-web","post_cat_citta-andora"],"amp_validity":null,"amp_enabled":true,"_links":{"self":[{"href":"https:\/\/staging.ivg.it\/ediapi\/wp\/v2\/posts\/80641","targetHints":{"allow":["GET"]}}],"collection":[{"href":"https:\/\/staging.ivg.it\/ediapi\/wp\/v2\/posts"}],"about":[{"href":"https:\/\/staging.ivg.it\/ediapi\/wp\/v2\/types\/post"}],"author":[{"embeddable":true,"href":"https:\/\/staging.ivg.it\/ediapi\/wp\/v2\/users\/13744"}],"replies":[{"embeddable":true,"href":"https:\/\/staging.ivg.it\/ediapi\/wp\/v2\/comments?post=80641"}],"version-history":[{"count":0,"href":"https:\/\/staging.ivg.it\/ediapi\/wp\/v2\/posts\/80641\/revisions"}],"wp:attachment":[{"href":"https:\/\/staging.ivg.it\/ediapi\/wp\/v2\/media?parent=80641"}],"wp:term":[{"taxonomy":"category","embeddable":true,"href":"https:\/\/staging.ivg.it\/ediapi\/wp\/v2\/categories?post=80641"},{"taxonomy":"post_tag","embeddable":true,"href":"https:\/\/staging.ivg.it\/ediapi\/wp\/v2\/tags?post=80641"}],"curies":[{"name":"wp","href":"https:\/\/api.w.org\/{rel}","templated":true}]}}