{"id":80629,"date":"2009-12-18T12:07:38","date_gmt":"2009-12-18T11:07:38","guid":{"rendered":"http:\/\/www.ivg.it\/2009\/12\/18\/provincia-dal-terminal-crociere-parte-lo-spot-sul-senso-civico\/"},"modified":"2009-12-18T14:57:31","modified_gmt":"2009-12-18T13:57:31","slug":"provincia-dal-terminal-crociere-parte-lo-spot-sul-senso-civico","status":"publish","type":"post","link":"https:\/\/staging.ivg.it\/2009\/12\/provincia-dal-terminal-crociere-parte-lo-spot-sul-senso-civico\/","title":{"rendered":"Provincia, dal terminal crociere parte lo spot sul senso civico"},"content":{"rendered":"<p>[thumb:15711:l]<script type=\"text\/javascript\"><\/script><strong>Savona.<\/strong> Parte la campagna sul senso civico della Provincia di Savona. Il presidente di Palazzo Nervi, Angelo Vaccarezza, ha presentato cos\u00ec lo spot che promuover\u00e0 anche le bellezze turistiche del Savonese, e non a caso la location scelta per questa nuova iniziativa \u00e8 stata il terminal crociere di Savona.<\/p>\n<p>&#8220;E&#8217; una campagna a tutto tondo, con banner sui siti internet, manifesti, pagine sui quotidiani&#8230; &#8211; ha sottolineato Vaccarezza -. L&#8217;idea \u00e8 nata durante la scorsa inaugurazione della stazione Mongrifone, ero vicino al ministro Scajola quando una signora si \u00e8 avvicinata e ha detto&#8230;&#8217;Bello, bello, ma tra un p\u00f2 di giorni ci sara sporcizia ed incuria&#8230;&#8217;. Il ministro allora mi propose di lanciare come Provincia una campagna di sensibilizzazione sul senso civico. Detto, fatto&#8230;&#8221;.<\/p>\n<p>&#8220;Devo ringraziare lo studio Godoni per la veloce realizzazione del progetto&#8221; &#8211; ha aggiunto Vaccarezza. Lo spot si focalizza su una casa aperta con persone che curano una piazza. E&#8217; rappresentata la bellezza della nostra Provincia, con tre situazioni che raffigurano il porto di Savona e la Darsena, i castagneti dei nostri boschi dell&#8217;entroterra e, naturalmente il nostro mare e le spiagge.<\/p>\n<p>&#8220;Un altro grande ringraziamento \u00e8 rivolto a Costa Crociere, non solo perch\u00e8 ci ha ospitato,  ma soprattutto perch\u00e8 permetter\u00e0 di divulgare questo spot in Lombardia e Piemonte&#8221;.<\/p>\n","protected":false},"excerpt":{"rendered":"<p>[thumb:15711:l]Savona. Parte la campagna sul senso civico della Provincia di Savona. Il presidente di Palazzo Nervi, Angelo Vaccarezza, ha presentato cos\u00ec lo spot che promuover\u00e0 anche le bellezze turistiche del Savonese, e non a caso la location scelta per questa nuova iniziativa \u00e8 stata il terminal crociere di Savona. &#8220;E&#8217; una campagna a tutto tondo, [&hellip;]<\/p>\n","protected":false},"author":4,"featured_media":0,"comment_status":"open","ping_status":"closed","sticky":false,"template":"","format":"standard","meta":{"footnotes":""},"categories":[],"tags":[1358,412,200,1363,1244,375,85850,217,967],"class_list":["post-80629","post","type-post","status-publish","format-standard","hentry","tag-cina","tag-costa-crociere","tag-inaugurazione","tag-internet","tag-progetto","tag-provincia","tag-savona","tag-scajola","tag-terminal","post_cat_citta-andora","post_cat_citta-savona"],"amp_validity":null,"amp_enabled":true,"_links":{"self":[{"href":"https:\/\/staging.ivg.it\/ediapi\/wp\/v2\/posts\/80629","targetHints":{"allow":["GET"]}}],"collection":[{"href":"https:\/\/staging.ivg.it\/ediapi\/wp\/v2\/posts"}],"about":[{"href":"https:\/\/staging.ivg.it\/ediapi\/wp\/v2\/types\/post"}],"author":[{"embeddable":true,"href":"https:\/\/staging.ivg.it\/ediapi\/wp\/v2\/users\/4"}],"replies":[{"embeddable":true,"href":"https:\/\/staging.ivg.it\/ediapi\/wp\/v2\/comments?post=80629"}],"version-history":[{"count":0,"href":"https:\/\/staging.ivg.it\/ediapi\/wp\/v2\/posts\/80629\/revisions"}],"wp:attachment":[{"href":"https:\/\/staging.ivg.it\/ediapi\/wp\/v2\/media?parent=80629"}],"wp:term":[{"taxonomy":"category","embeddable":true,"href":"https:\/\/staging.ivg.it\/ediapi\/wp\/v2\/categories?post=80629"},{"taxonomy":"post_tag","embeddable":true,"href":"https:\/\/staging.ivg.it\/ediapi\/wp\/v2\/tags?post=80629"}],"curies":[{"name":"wp","href":"https:\/\/api.w.org\/{rel}","templated":true}]}}