{"id":80615,"date":"2009-12-18T10:57:58","date_gmt":"2009-12-18T09:57:58","guid":{"rendered":"http:\/\/www.ivg.it\/2009\/12\/18\/valleggia-un-natale-tra-musica-e-solidarieta\/"},"modified":"2009-12-18T10:57:58","modified_gmt":"2009-12-18T09:57:58","slug":"valleggia-un-natale-tra-musica-e-solidarieta","status":"publish","type":"post","link":"https:\/\/staging.ivg.it\/2009\/12\/valleggia-un-natale-tra-musica-e-solidarieta\/","title":{"rendered":"Valleggia, un Natale tra musica e solidariet\u00e0"},"content":{"rendered":"<p>[thumb:10803:l]<strong>Valleggia<\/strong>. Musica e solidariet\u00e0 sotto l&#8217;albero di Valleggia. Mercoled\u00ec 23 dicembre, alle ore 21, nella chiesa del santissimo Salvatore andr\u00e0 in scena &#8220;In dulci Jubilo&#8221;, il tradizionale concerto di Natale presentato dal Coro Polifonico di Valleggia: non soltanto una serata di grande musica e un momento di gioiosa preghiera in vista della nascita del Bambino, ma anche un&#8217;occasione per fare concretamente del bene.<\/p>\n<p>Dopo il successo dello scorso anno, la serata &#8211; ad ingresso gratuito &#8211; conferma la finalit\u00e0 benefica legata all&#8217;Associazione Amici Centro Oncologico &#8220;Pietro Bianucci&#8221; che da oltre vent&#8217;anni \u00e8 attiva nel territorio savonese.<\/p>\n","protected":false},"excerpt":{"rendered":"<p>[thumb:10803:l]Valleggia. Musica e solidariet\u00e0 sotto l&#8217;albero di Valleggia. Mercoled\u00ec 23 dicembre, alle ore 21, nella chiesa del santissimo Salvatore andr\u00e0 in scena &#8220;In dulci Jubilo&#8221;, il tradizionale concerto di Natale presentato dal Coro Polifonico di Valleggia: non soltanto una serata di grande musica e un momento di gioiosa preghiera in vista della nascita del Bambino, [&hellip;]<\/p>\n","protected":false},"author":13744,"featured_media":0,"comment_status":"open","ping_status":"closed","sticky":false,"template":"","format":"standard","meta":{"footnotes":""},"categories":[],"tags":[620,2791,85957],"class_list":["post-80615","post","type-post","status-publish","format-standard","hentry","tag-concerti","tag-natale","tag-valleggia","post_cat_citta-valleggia"],"amp_validity":null,"amp_enabled":true,"_links":{"self":[{"href":"https:\/\/staging.ivg.it\/ediapi\/wp\/v2\/posts\/80615","targetHints":{"allow":["GET"]}}],"collection":[{"href":"https:\/\/staging.ivg.it\/ediapi\/wp\/v2\/posts"}],"about":[{"href":"https:\/\/staging.ivg.it\/ediapi\/wp\/v2\/types\/post"}],"author":[{"embeddable":true,"href":"https:\/\/staging.ivg.it\/ediapi\/wp\/v2\/users\/13744"}],"replies":[{"embeddable":true,"href":"https:\/\/staging.ivg.it\/ediapi\/wp\/v2\/comments?post=80615"}],"version-history":[{"count":0,"href":"https:\/\/staging.ivg.it\/ediapi\/wp\/v2\/posts\/80615\/revisions"}],"wp:attachment":[{"href":"https:\/\/staging.ivg.it\/ediapi\/wp\/v2\/media?parent=80615"}],"wp:term":[{"taxonomy":"category","embeddable":true,"href":"https:\/\/staging.ivg.it\/ediapi\/wp\/v2\/categories?post=80615"},{"taxonomy":"post_tag","embeddable":true,"href":"https:\/\/staging.ivg.it\/ediapi\/wp\/v2\/tags?post=80615"}],"curies":[{"name":"wp","href":"https:\/\/api.w.org\/{rel}","templated":true}]}}